{"id":10179,"date":"2024-05-03T06:11:44","date_gmt":"2024-05-03T06:11:44","guid":{"rendered":"https:\/\/globalalliance.me\/brasil-crea-un-grupo-de-trabajo-indigena-para-impulsar-los-derechos-a-la-tierraen-el-pais\/"},"modified":"2025-04-01T22:51:01","modified_gmt":"2025-04-01T22:51:01","slug":"brasil-crea-un-grupo-de-trabajo-indigena-para-impulsar-los-derechos-a-la-tierraen-el-pais","status":"publish","type":"post","link":"https:\/\/globalalliance.me\/es\/brasil-crea-un-grupo-de-trabajo-indigena-para-impulsar-los-derechos-a-la-tierraen-el-pais\/","title":{"rendered":"Brasil crea un grupo de trabajo ind\u00edgena para impulsar los derechos a la Tierraen el pa\u00eds"},"content":{"rendered":"\n<p><strong><em>Indigenous land titling in Brazil has fallen behind as president Lula had promised to complete 14 processes in his first 100 days of government, but had only titled 10 in over a year in power.<\/em><\/strong><\/p>\n\n<p><strong>Abril, 2024<\/strong> \u2014 El presidente Luiz In\u00e1cio Lula da Silva se reuni\u00f3 con una delegaci\u00f3n de 40 l\u00edderes ind\u00edgenas de todo Brasil el pasado jueves (25) por la tarde en el Palacio do Planalto. El encuentro, que tuvo lugar durante la 20\u00aa edici\u00f3n del Campamento Tierra Libre (Acampamento Terra Livre ATL), la movilizaci\u00f3n ind\u00edgena m\u00e1s grande del pa\u00eds, concluy\u00f3 con la creaci\u00f3n de un Grupo de Trabajo para avanzar en la titulaci\u00f3n de tierras.  <\/p>\n\n<p>La reuni\u00f3n sigui\u00f3 a una marcha masiva en la que ocho mil personas de Pueblos Ind\u00edgenas y Movimientos de la Sociedad Civil llenaron el \u00e1rea central de la ciudad con cantos resonantes y llamados en\u00e9rgicos para que el gobierno avance en la titulaci\u00f3n de tierras y detenga grandes proyectos que representan amenazas a sus territorios. La manifestaci\u00f3n termin\u00f3 en la Pra\u00e7a dos Tr\u00eas Poderes, donde grupos de organizaciones ind\u00edgenas continuaron con su protesta mientras se desarrollaba la reuni\u00f3n. <\/p>\n\n<figure class=\"wp-block-gallery has-nested-images columns-default is-cropped wp-block-gallery-1 is-layout-flex wp-block-gallery-is-layout-flex\">\n<figure data-wp-context=\"{&quot;imageId&quot;:&quot;69f4f04183736&quot;}\" data-wp-interactive=\"core\/image\" data-wp-key=\"69f4f04183736\" class=\"wp-block-image size-full wp-lightbox-container\"><img fetchpriority=\"high\" decoding=\"async\" width=\"1280\" height=\"897\" data-wp-class--hide=\"state.isContentHidden\" data-wp-class--show=\"state.isContentVisible\" data-wp-init=\"callbacks.setButtonStyles\" data-wp-on--click=\"actions.showLightbox\" data-wp-on--load=\"callbacks.setButtonStyles\" data-wp-on-window--resize=\"callbacks.setButtonStyles\" data-id=\"10151\" src=\"https:\/\/globalalliance.me\/wp-content\/uploads\/2024\/05\/Kamikia-Kisedje-5.jpeg\" alt=\"l&#xED;deres de APIB debaten en una conferencia los retrasos del gobierno en la titulaci&#xF3;n de tierras y el impacto de la Tesis del Marco Temporal\" class=\"wp-image-10151\" srcset=\"https:\/\/globalalliance.me\/wp-content\/uploads\/2024\/05\/Kamikia-Kisedje-5.jpeg 1280w, https:\/\/globalalliance.me\/wp-content\/uploads\/2024\/05\/Kamikia-Kisedje-5-600x420.jpeg 600w, https:\/\/globalalliance.me\/wp-content\/uploads\/2024\/05\/Kamikia-Kisedje-5-768x538.jpeg 768w, https:\/\/globalalliance.me\/wp-content\/uploads\/2024\/05\/Kamikia-Kisedje-5-705x494.jpeg 705w\" sizes=\"(max-width: 1280px) 100vw, 1280px\" \/><button\n\t\t\tclass=\"lightbox-trigger\"\n\t\t\ttype=\"button\"\n\t\t\taria-haspopup=\"dialog\"\n\t\t\taria-label=\"Enlarge\"\n\t\t\tdata-wp-init=\"callbacks.initTriggerButton\"\n\t\t\tdata-wp-on--click=\"actions.showLightbox\"\n\t\t\tdata-wp-style--right=\"state.imageButtonRight\"\n\t\t\tdata-wp-style--top=\"state.imageButtonTop\"\n\t\t>\n\t\t\t<svg xmlns=\"http:\/\/www.w3.org\/2000\/svg\" width=\"12\" height=\"12\" fill=\"none\" viewBox=\"0 0 12 12\">\n\t\t\t\t<path fill=\"#fff\" d=\"M2 0a2 2 0 0 0-2 2v2h1.5V2a.5.5 0 0 1 .5-.5h2V0H2Zm2 10.5H2a.5.5 0 0 1-.5-.5V8H0v2a2 2 0 0 0 2 2h2v-1.5ZM8 12v-1.5h2a.5.5 0 0 0 .5-.5V8H12v2a2 2 0 0 1-2 2H8Zm2-12a2 2 0 0 1 2 2v2h-1.5V2a.5.5 0 0 0-.5-.5H8V0h2Z\" \/>\n\t\t\t<\/svg>\n\t\t<\/button><\/figure>\n\n\n\n<figure data-wp-context=\"{&quot;imageId&quot;:&quot;69f4f04183fc4&quot;}\" data-wp-interactive=\"core\/image\" data-wp-key=\"69f4f04183fc4\" class=\"wp-block-image size-large wp-lightbox-container\"><img decoding=\"async\" width=\"1165\" height=\"1280\" data-wp-class--hide=\"state.isContentHidden\" data-wp-class--show=\"state.isContentVisible\" data-wp-init=\"callbacks.setButtonStyles\" data-wp-on--click=\"actions.showLightbox\" data-wp-on--load=\"callbacks.setButtonStyles\" data-wp-on-window--resize=\"callbacks.setButtonStyles\" data-id=\"10156\" src=\"https:\/\/globalalliance.me\/wp-content\/uploads\/2024\/05\/Kamikia-Kisedje-4.jpg\" alt=\"Dinamam Tux&#xE1; habla de los impedimentos pol&#xED;ticos a la titulaci&#xF3;n de tierras y de las esperanzas de resoluci&#xF3;n a trav&#xE9;s del grupo de trabajo\" class=\"wp-image-10156\" srcset=\"https:\/\/globalalliance.me\/wp-content\/uploads\/2024\/05\/Kamikia-Kisedje-4.jpg 1165w, https:\/\/globalalliance.me\/wp-content\/uploads\/2024\/05\/Kamikia-Kisedje-4-546x600.jpg 546w, https:\/\/globalalliance.me\/wp-content\/uploads\/2024\/05\/Kamikia-Kisedje-4-768x844.jpg 768w, https:\/\/globalalliance.me\/wp-content\/uploads\/2024\/05\/Kamikia-Kisedje-4-642x705.jpg 642w\" sizes=\"(max-width: 1165px) 100vw, 1165px\" \/><button\n\t\t\tclass=\"lightbox-trigger\"\n\t\t\ttype=\"button\"\n\t\t\taria-haspopup=\"dialog\"\n\t\t\taria-label=\"Enlarge\"\n\t\t\tdata-wp-init=\"callbacks.initTriggerButton\"\n\t\t\tdata-wp-on--click=\"actions.showLightbox\"\n\t\t\tdata-wp-style--right=\"state.imageButtonRight\"\n\t\t\tdata-wp-style--top=\"state.imageButtonTop\"\n\t\t>\n\t\t\t<svg xmlns=\"http:\/\/www.w3.org\/2000\/svg\" width=\"12\" height=\"12\" fill=\"none\" viewBox=\"0 0 12 12\">\n\t\t\t\t<path fill=\"#fff\" d=\"M2 0a2 2 0 0 0-2 2v2h1.5V2a.5.5 0 0 1 .5-.5h2V0H2Zm2 10.5H2a.5.5 0 0 1-.5-.5V8H0v2a2 2 0 0 0 2 2h2v-1.5ZM8 12v-1.5h2a.5.5 0 0 0 .5-.5V8H12v2a2 2 0 0 1-2 2H8Zm2-12a2 2 0 0 1 2 2v2h-1.5V2a.5.5 0 0 0-.5-.5H8V0h2Z\" \/>\n\t\t\t<\/svg>\n\t\t<\/button><\/figure>\n<\/figure>\n\n<p><em>Fotos: Kamikia Kisedje<\/em><\/p>\n\n<p>La Articulaci\u00f3n de los Pueblos Ind\u00edgenas de Brasil (APIB) ven\u00eda denunciando la promesa fallida del gobierno de titular 14 tierras ind\u00edgenas en los primeros 100 d\u00edas del gobierno de Lula. En m\u00e1s de un a\u00f1o hab\u00edan titulado 10 de esas tierras, mientras muchas otras esperaban. Adem\u00e1s, hicieron sonar las alarmas mientras el Congreso debat\u00eda la aprobaci\u00f3n de una ley que podr\u00eda limitar severamente sus derechos a la tierra, la Ley del Marco Temporal.   <\/p>\n\n<p>&#8220;A nuestro entender, no hay ning\u00fan impedimento legal para la titulaci\u00f3n de tierras. Lo que hay es un impedimento pol\u00edtico, que esperamos se resuelva con este grupo de trabajo, que es una demanda del movimiento ind\u00edgena, para que realmente podamos desbloquear las demarcaciones de tierras. &#8220;No s\u00f3lo de las cuatro tierras, no s\u00f3lo de las 25 tierras con ordenanzas declarativas [already signed], sino para que, de una vez por todas, superemos los problemas administrativos y pol\u00edticos para la demarcaci\u00f3n de tierras ind\u00edgenas en el pa\u00eds&#8221;, dijo Dinamam Tux\u00e1. , Coordinador Ejecutivo de APIB.   <\/p>\n\n<p>En respuesta a las principales demandas de APIB, el gobierno anunci\u00f3 el establecimiento de un grupo de trabajo gubernamental destinado a desbloquear los procesos de titulaci\u00f3n de tierras pendientes de aprobaci\u00f3n presidencial. Se dar\u00e1 prioridad a cuatro \u00e1reas clave, incluidas Xukuru y Morro dos Cavalos, cada una de las cuales est\u00e1 sumida en disputas en espera de resoluci\u00f3n. <\/p>\n\n<p>El grupo de trabajo, presidido por el Ministro Guajajara, colaborar\u00e1 con organismos gubernamentales clave, entre ellos la Oficina de la Presidencia, el Ministerio de Justicia y Seguridad P\u00fablica, el Ministerio de Desarrollo Agrario y Agricultura Familiar, la Fiscal\u00eda General de la Rep\u00fablica (AGU) y la Fundaci\u00f3n Nacional de los Pueblos Ind\u00edgenas (Funai).<\/p>\n\n<figure class=\"wp-block-gallery has-nested-images columns-default is-cropped wp-block-gallery-2 is-layout-flex wp-block-gallery-is-layout-flex\">\n<figure data-wp-context=\"{&quot;imageId&quot;:&quot;69f4f04185546&quot;}\" data-wp-interactive=\"core\/image\" data-wp-key=\"69f4f04185546\" class=\"wp-block-image size-large wp-lightbox-container\"><img decoding=\"async\" width=\"1500\" height=\"844\" data-wp-class--hide=\"state.isContentHidden\" data-wp-class--show=\"state.isContentVisible\" data-wp-init=\"callbacks.setButtonStyles\" data-wp-on--click=\"actions.showLightbox\" data-wp-on--load=\"callbacks.setButtonStyles\" data-wp-on-window--resize=\"callbacks.setButtonStyles\" data-id=\"10141\" src=\"https:\/\/globalalliance.me\/wp-content\/uploads\/2024\/05\/Photo-Lia-Bianchini-1500x844.jpeg\" alt=\"mujeres ind&#xED;genas marchan en Brasilia para reclamar derechos sobre la tierra y el fin de grandes proyectos que amenazan sus territorios\" class=\"wp-image-10141\" srcset=\"https:\/\/globalalliance.me\/wp-content\/uploads\/2024\/05\/Photo-Lia-Bianchini-1500x844.jpeg 1500w, https:\/\/globalalliance.me\/wp-content\/uploads\/2024\/05\/Photo-Lia-Bianchini-600x338.jpeg 600w, https:\/\/globalalliance.me\/wp-content\/uploads\/2024\/05\/Photo-Lia-Bianchini-768x432.jpeg 768w, https:\/\/globalalliance.me\/wp-content\/uploads\/2024\/05\/Photo-Lia-Bianchini-1536x864.jpeg 1536w, https:\/\/globalalliance.me\/wp-content\/uploads\/2024\/05\/Photo-Lia-Bianchini-2048x1152.jpeg 2048w, https:\/\/globalalliance.me\/wp-content\/uploads\/2024\/05\/Photo-Lia-Bianchini-705x397.jpeg 705w\" sizes=\"(max-width: 1500px) 100vw, 1500px\" \/><button\n\t\t\tclass=\"lightbox-trigger\"\n\t\t\ttype=\"button\"\n\t\t\taria-haspopup=\"dialog\"\n\t\t\taria-label=\"Enlarge\"\n\t\t\tdata-wp-init=\"callbacks.initTriggerButton\"\n\t\t\tdata-wp-on--click=\"actions.showLightbox\"\n\t\t\tdata-wp-style--right=\"state.imageButtonRight\"\n\t\t\tdata-wp-style--top=\"state.imageButtonTop\"\n\t\t>\n\t\t\t<svg xmlns=\"http:\/\/www.w3.org\/2000\/svg\" width=\"12\" height=\"12\" fill=\"none\" viewBox=\"0 0 12 12\">\n\t\t\t\t<path fill=\"#fff\" d=\"M2 0a2 2 0 0 0-2 2v2h1.5V2a.5.5 0 0 1 .5-.5h2V0H2Zm2 10.5H2a.5.5 0 0 1-.5-.5V8H0v2a2 2 0 0 0 2 2h2v-1.5ZM8 12v-1.5h2a.5.5 0 0 0 .5-.5V8H12v2a2 2 0 0 1-2 2H8Zm2-12a2 2 0 0 1 2 2v2h-1.5V2a.5.5 0 0 0-.5-.5H8V0h2Z\" \/>\n\t\t\t<\/svg>\n\t\t<\/button><figcaption class=\"wp-element-caption\">Foto: Lia Bianchini<\/figcaption><\/figure>\n\n\n\n<figure data-wp-context=\"{&quot;imageId&quot;:&quot;69f4f04185e83&quot;}\" data-wp-interactive=\"core\/image\" data-wp-key=\"69f4f04185e83\" class=\"wp-block-image size-large wp-lightbox-container\"><img loading=\"lazy\" decoding=\"async\" width=\"1280\" height=\"853\" data-wp-class--hide=\"state.isContentHidden\" data-wp-class--show=\"state.isContentVisible\" data-wp-init=\"callbacks.setButtonStyles\" data-wp-on--click=\"actions.showLightbox\" data-wp-on--load=\"callbacks.setButtonStyles\" data-wp-on-window--resize=\"callbacks.setButtonStyles\" data-id=\"10136\" src=\"https:\/\/globalalliance.me\/wp-content\/uploads\/2024\/05\/Photo-Adrian-Arantos.jpeg\" alt=\"mujer sostiene un cartel que dice, &quot;Titulaci&#xF3;n de tierras para el ecosistema del Cerrado&quot;\" class=\"wp-image-10136\" srcset=\"https:\/\/globalalliance.me\/wp-content\/uploads\/2024\/05\/Photo-Adrian-Arantos.jpeg 1280w, https:\/\/globalalliance.me\/wp-content\/uploads\/2024\/05\/Photo-Adrian-Arantos-600x400.jpeg 600w, https:\/\/globalalliance.me\/wp-content\/uploads\/2024\/05\/Photo-Adrian-Arantos-768x512.jpeg 768w, https:\/\/globalalliance.me\/wp-content\/uploads\/2024\/05\/Photo-Adrian-Arantos-705x470.jpeg 705w\" sizes=\"(max-width: 1280px) 100vw, 1280px\" \/><button\n\t\t\tclass=\"lightbox-trigger\"\n\t\t\ttype=\"button\"\n\t\t\taria-haspopup=\"dialog\"\n\t\t\taria-label=\"Enlarge\"\n\t\t\tdata-wp-init=\"callbacks.initTriggerButton\"\n\t\t\tdata-wp-on--click=\"actions.showLightbox\"\n\t\t\tdata-wp-style--right=\"state.imageButtonRight\"\n\t\t\tdata-wp-style--top=\"state.imageButtonTop\"\n\t\t>\n\t\t\t<svg xmlns=\"http:\/\/www.w3.org\/2000\/svg\" width=\"12\" height=\"12\" fill=\"none\" viewBox=\"0 0 12 12\">\n\t\t\t\t<path fill=\"#fff\" d=\"M2 0a2 2 0 0 0-2 2v2h1.5V2a.5.5 0 0 1 .5-.5h2V0H2Zm2 10.5H2a.5.5 0 0 1-.5-.5V8H0v2a2 2 0 0 0 2 2h2v-1.5ZM8 12v-1.5h2a.5.5 0 0 0 .5-.5V8H12v2a2 2 0 0 1-2 2H8Zm2-12a2 2 0 0 1 2 2v2h-1.5V2a.5.5 0 0 0-.5-.5H8V0h2Z\" \/>\n\t\t\t<\/svg>\n\t\t<\/button><figcaption class=\"wp-element-caption\">Foto: Adrian Arantos<\/figcaption><\/figure>\n<\/figure>\n\n<hr class=\"wp-block-separator has-text-color has-alpha-channel-opacity has-background\" style=\"margin-top:var(--wp--preset--spacing--40);margin-bottom:var(--wp--preset--spacing--40);background-color:#ffffff00;color:#ffffff00\"\/>\n\n<h2 class=\"wp-block-heading\">El movimiento ind\u00edgena se moviliz\u00f3 contra un proyecto de ley que obstaculiza gravemente sus derechos y proyectos que amenazan sus territorios<\/h2>\n\n<p>Durante la 20\u00aa edici\u00f3n del Campamento Tierra Libre (Acampamento Terra Livre), los Pueblos Ind\u00edgenas tomaron las calles de Brasilia con m\u00e1s de 8.000 mil personas provenientes de m\u00e1s de 200 grupos \u00e9tnicos ind\u00edgenas distintos. En sus cantos, argumentaron contra la Tesis del Marco Temporal y grandes proyectos como el Ferrogr\u00e3o que amenazan sus derechos y territorios.  <\/p>\n\n<p>La &#8220;tesis del Marco Temporal&#8221; es un concepto legal que afirma que los pueblos ind\u00edgenas tienen derecho a reclamar s\u00f3lo las tierras que habitaban exactamente el 5 de octubre de 1988, fecha de la promulgaci\u00f3n de la Constituci\u00f3n de Brasil. La propuesta no reconoce la historia centenaria de los pueblos ind\u00edgenas del pa\u00eds y no da cuenta del desplazamiento forzado que sufrieron durante la dictadura de Brasil en el siglo XX. Como respuesta, el movimiento ind\u00edgena se uni\u00f3 bajo el argumento &#8220;Nuestro tiempo es ancestral&#8221;.   <\/p>\n\n<p>L\u00edderes ind\u00edgenas caminaron por Brasilia junto a un gran cami\u00f3n que estaba envuelto para simular un &#8220;tren de la muerte&#8221;, se\u00f1alando su oposici\u00f3n al proyecto ferrocarril denominado Ferrog\u00e3o. La nueva ruta del tren atravesar\u00eda tierras ind\u00edgenas sagradas en el Amazonas para facilitar las exportaciones de soja. El monocultivo de soja es una de las principales causas de la deforestaci\u00f3n y el acaparamiento de tierras, y el tren no har\u00eda m\u00e1s que agravar las circunstancias.  <\/p>\n\n<figure data-wp-context=\"{&quot;imageId&quot;:&quot;69f4f04186942&quot;}\" data-wp-interactive=\"core\/image\" data-wp-key=\"69f4f04186942\" class=\"wp-block-image size-full wp-lightbox-container\"><img loading=\"lazy\" decoding=\"async\" width=\"1280\" height=\"720\" data-wp-class--hide=\"state.isContentHidden\" data-wp-class--show=\"state.isContentVisible\" data-wp-init=\"callbacks.setButtonStyles\" data-wp-on--click=\"actions.showLightbox\" data-wp-on--load=\"callbacks.setButtonStyles\" data-wp-on-window--resize=\"callbacks.setButtonStyles\" src=\"https:\/\/globalalliance.me\/wp-content\/uploads\/2024\/05\/Jaye-Renold.jpeg\" alt=\"representantes ind&#xED;genas marchan a lo largo de una gran serpiente hecha de tela que representa la cosmovisi&#xF3;n ind&#xED;gena\" class=\"wp-image-10146\" srcset=\"https:\/\/globalalliance.me\/wp-content\/uploads\/2024\/05\/Jaye-Renold.jpeg 1280w, https:\/\/globalalliance.me\/wp-content\/uploads\/2024\/05\/Jaye-Renold-600x338.jpeg 600w, https:\/\/globalalliance.me\/wp-content\/uploads\/2024\/05\/Jaye-Renold-768x432.jpeg 768w, https:\/\/globalalliance.me\/wp-content\/uploads\/2024\/05\/Jaye-Renold-705x397.jpeg 705w\" sizes=\"(max-width: 1280px) 100vw, 1280px\" \/><button\n\t\t\tclass=\"lightbox-trigger\"\n\t\t\ttype=\"button\"\n\t\t\taria-haspopup=\"dialog\"\n\t\t\taria-label=\"Enlarge\"\n\t\t\tdata-wp-init=\"callbacks.initTriggerButton\"\n\t\t\tdata-wp-on--click=\"actions.showLightbox\"\n\t\t\tdata-wp-style--right=\"state.imageButtonRight\"\n\t\t\tdata-wp-style--top=\"state.imageButtonTop\"\n\t\t>\n\t\t\t<svg xmlns=\"http:\/\/www.w3.org\/2000\/svg\" width=\"12\" height=\"12\" fill=\"none\" viewBox=\"0 0 12 12\">\n\t\t\t\t<path fill=\"#fff\" d=\"M2 0a2 2 0 0 0-2 2v2h1.5V2a.5.5 0 0 1 .5-.5h2V0H2Zm2 10.5H2a.5.5 0 0 1-.5-.5V8H0v2a2 2 0 0 0 2 2h2v-1.5ZM8 12v-1.5h2a.5.5 0 0 0 .5-.5V8H12v2a2 2 0 0 1-2 2H8Zm2-12a2 2 0 0 1 2 2v2h-1.5V2a.5.5 0 0 0-.5-.5H8V0h2Z\" \/>\n\t\t\t<\/svg>\n\t\t<\/button><figcaption class=\"wp-element-caption\"><em>Foto: Jaye Renold<\/em><\/figcaption><\/figure>\n","protected":false},"excerpt":{"rendered":"<p>La titulaci\u00f3n de tierras ind\u00edgenas en Brasil se ha quedado atr\u00e1s, ya que el presidente Lula hab\u00eda prometido completar 14 procesos en sus primeros 100 d\u00edas de gobierno, pero solo hab\u00eda titulado 10 en m\u00e1s de un a\u00f1o en el poder. <\/p>\n","protected":false},"author":2,"featured_media":10133,"comment_status":"closed","ping_status":"closed","sticky":false,"template":"","format":"standard","meta":{"cybocfi_hide_featured_image":"","footnotes":"","_links_to":"","_links_to_target":""},"categories":[40],"tags":[],"class_list":["post-10179","post","type-post","status-publish","format-standard","has-post-thumbnail","hentry","category-noticias"],"yoast_head":"<!-- This site is optimized with the Yoast SEO plugin v27.5 - https:\/\/yoast.com\/product\/yoast-seo-wordpress\/ -->\n<title>Brasil crea un grupo de trabajo ind\u00edgena para impulsar los derechos a la Tierraen el pa\u00eds - Global Alliance of Territorial Communities<\/title>\n<meta name=\"robots\" content=\"index, follow, max-snippet:-1, max-image-preview:large, max-video-preview:-1\" \/>\n<link rel=\"canonical\" href=\"https:\/\/globalalliance.me\/es\/brasil-crea-un-grupo-de-trabajo-indigena-para-impulsar-los-derechos-a-la-tierraen-el-pais\/\" \/>\n<meta property=\"og:locale\" content=\"es_ES\" \/>\n<meta property=\"og:type\" content=\"article\" \/>\n<meta property=\"og:title\" content=\"Brasil crea un grupo de trabajo ind\u00edgena para impulsar los derechos a la Tierraen el pa\u00eds - Global Alliance of Territorial Communities\" \/>\n<meta property=\"og:description\" content=\"La titulaci\u00f3n de tierras ind\u00edgenas en Brasil se ha quedado atr\u00e1s, ya que el presidente Lula hab\u00eda prometido completar 14 procesos en sus primeros 100 d\u00edas de gobierno, pero solo hab\u00eda titulado 10 en m\u00e1s de un a\u00f1o en el poder.\" \/>\n<meta property=\"og:url\" content=\"https:\/\/globalalliance.me\/es\/brasil-crea-un-grupo-de-trabajo-indigena-para-impulsar-los-derechos-a-la-tierraen-el-pais\/\" \/>\n<meta property=\"og:site_name\" content=\"Global Alliance of Territorial Communities\" \/>\n<meta property=\"article:published_time\" content=\"2024-05-03T06:11:44+00:00\" \/>\n<meta property=\"article:modified_time\" content=\"2025-04-01T22:51:01+00:00\" \/>\n<meta property=\"og:image\" content=\"https:\/\/globalalliance.me\/wp-content\/uploads\/2024\/05\/Kamikia-Kisedje-3.jpeg\" \/>\n\t<meta property=\"og:image:width\" content=\"1280\" \/>\n\t<meta property=\"og:image:height\" content=\"1141\" \/>\n\t<meta property=\"og:image:type\" content=\"image\/jpeg\" \/>\n<meta name=\"author\" content=\"GATC\" \/>\n<meta name=\"twitter:card\" content=\"summary_large_image\" \/>\n<meta name=\"twitter:label1\" content=\"Escrito por\" \/>\n\t<meta name=\"twitter:data1\" content=\"GATC\" \/>\n\t<meta name=\"twitter:label2\" content=\"Tiempo de lectura\" \/>\n\t<meta name=\"twitter:data2\" content=\"4 minutos\" \/>\n<script type=\"application\/ld+json\" class=\"yoast-schema-graph\">{\"@context\":\"https:\\\/\\\/schema.org\",\"@graph\":[{\"@type\":\"Article\",\"@id\":\"https:\\\/\\\/globalalliance.me\\\/es\\\/brasil-crea-un-grupo-de-trabajo-indigena-para-impulsar-los-derechos-a-la-tierraen-el-pais\\\/#article\",\"isPartOf\":{\"@id\":\"https:\\\/\\\/globalalliance.me\\\/es\\\/brasil-crea-un-grupo-de-trabajo-indigena-para-impulsar-los-derechos-a-la-tierraen-el-pais\\\/\"},\"author\":{\"name\":\"GATC\",\"@id\":\"https:\\\/\\\/globalalliance.me\\\/es\\\/#\\\/schema\\\/person\\\/fce30f8bdf780bd712e18e1d4239aebc\"},\"headline\":\"Brasil crea un grupo de trabajo ind\u00edgena para impulsar los derechos a la Tierraen el pa\u00eds\",\"datePublished\":\"2024-05-03T06:11:44+00:00\",\"dateModified\":\"2025-04-01T22:51:01+00:00\",\"mainEntityOfPage\":{\"@id\":\"https:\\\/\\\/globalalliance.me\\\/es\\\/brasil-crea-un-grupo-de-trabajo-indigena-para-impulsar-los-derechos-a-la-tierraen-el-pais\\\/\"},\"wordCount\":786,\"image\":{\"@id\":\"https:\\\/\\\/globalalliance.me\\\/es\\\/brasil-crea-un-grupo-de-trabajo-indigena-para-impulsar-los-derechos-a-la-tierraen-el-pais\\\/#primaryimage\"},\"thumbnailUrl\":\"https:\\\/\\\/globalalliance.me\\\/wp-content\\\/uploads\\\/2024\\\/05\\\/Kamikia-Kisedje-3.jpeg\",\"articleSection\":[\"Noticias\"],\"inLanguage\":\"es\"},{\"@type\":\"WebPage\",\"@id\":\"https:\\\/\\\/globalalliance.me\\\/es\\\/brasil-crea-un-grupo-de-trabajo-indigena-para-impulsar-los-derechos-a-la-tierraen-el-pais\\\/\",\"url\":\"https:\\\/\\\/globalalliance.me\\\/es\\\/brasil-crea-un-grupo-de-trabajo-indigena-para-impulsar-los-derechos-a-la-tierraen-el-pais\\\/\",\"name\":\"Brasil crea un grupo de trabajo ind\u00edgena para impulsar los derechos a la Tierraen el pa\u00eds - Global Alliance of Territorial Communities\",\"isPartOf\":{\"@id\":\"https:\\\/\\\/globalalliance.me\\\/es\\\/#website\"},\"primaryImageOfPage\":{\"@id\":\"https:\\\/\\\/globalalliance.me\\\/es\\\/brasil-crea-un-grupo-de-trabajo-indigena-para-impulsar-los-derechos-a-la-tierraen-el-pais\\\/#primaryimage\"},\"image\":{\"@id\":\"https:\\\/\\\/globalalliance.me\\\/es\\\/brasil-crea-un-grupo-de-trabajo-indigena-para-impulsar-los-derechos-a-la-tierraen-el-pais\\\/#primaryimage\"},\"thumbnailUrl\":\"https:\\\/\\\/globalalliance.me\\\/wp-content\\\/uploads\\\/2024\\\/05\\\/Kamikia-Kisedje-3.jpeg\",\"datePublished\":\"2024-05-03T06:11:44+00:00\",\"dateModified\":\"2025-04-01T22:51:01+00:00\",\"author\":{\"@id\":\"https:\\\/\\\/globalalliance.me\\\/es\\\/#\\\/schema\\\/person\\\/fce30f8bdf780bd712e18e1d4239aebc\"},\"breadcrumb\":{\"@id\":\"https:\\\/\\\/globalalliance.me\\\/es\\\/brasil-crea-un-grupo-de-trabajo-indigena-para-impulsar-los-derechos-a-la-tierraen-el-pais\\\/#breadcrumb\"},\"inLanguage\":\"es\",\"potentialAction\":[{\"@type\":\"ReadAction\",\"target\":[\"https:\\\/\\\/globalalliance.me\\\/es\\\/brasil-crea-un-grupo-de-trabajo-indigena-para-impulsar-los-derechos-a-la-tierraen-el-pais\\\/\"]}]},{\"@type\":\"ImageObject\",\"inLanguage\":\"es\",\"@id\":\"https:\\\/\\\/globalalliance.me\\\/es\\\/brasil-crea-un-grupo-de-trabajo-indigena-para-impulsar-los-derechos-a-la-tierraen-el-pais\\\/#primaryimage\",\"url\":\"https:\\\/\\\/globalalliance.me\\\/wp-content\\\/uploads\\\/2024\\\/05\\\/Kamikia-Kisedje-3.jpeg\",\"contentUrl\":\"https:\\\/\\\/globalalliance.me\\\/wp-content\\\/uploads\\\/2024\\\/05\\\/Kamikia-Kisedje-3.jpeg\",\"width\":1280,\"height\":1141,\"caption\":\"l\u00edder ind\u00edgena habla con Sonia Guajajara y el Presidente Lula de Brasil en el Pal\u00e1cio do Planalto\"},{\"@type\":\"BreadcrumbList\",\"@id\":\"https:\\\/\\\/globalalliance.me\\\/es\\\/brasil-crea-un-grupo-de-trabajo-indigena-para-impulsar-los-derechos-a-la-tierraen-el-pais\\\/#breadcrumb\",\"itemListElement\":[{\"@type\":\"ListItem\",\"position\":1,\"name\":\"Home\",\"item\":\"https:\\\/\\\/globalalliance.me\\\/es\\\/inicio\\\/\"},{\"@type\":\"ListItem\",\"position\":2,\"name\":\"Brasil crea un grupo de trabajo ind\u00edgena para impulsar los derechos a la Tierraen el pa\u00eds\"}]},{\"@type\":\"WebSite\",\"@id\":\"https:\\\/\\\/globalalliance.me\\\/es\\\/#website\",\"url\":\"https:\\\/\\\/globalalliance.me\\\/es\\\/\",\"name\":\"Global Alliance of Territorial Communities\",\"description\":\"We Are the Best Guardians of the Forest\",\"potentialAction\":[{\"@type\":\"SearchAction\",\"target\":{\"@type\":\"EntryPoint\",\"urlTemplate\":\"https:\\\/\\\/globalalliance.me\\\/es\\\/?s={search_term_string}\"},\"query-input\":{\"@type\":\"PropertyValueSpecification\",\"valueRequired\":true,\"valueName\":\"search_term_string\"}}],\"inLanguage\":\"es\"},{\"@type\":\"Person\",\"@id\":\"https:\\\/\\\/globalalliance.me\\\/es\\\/#\\\/schema\\\/person\\\/fce30f8bdf780bd712e18e1d4239aebc\",\"name\":\"GATC\",\"image\":{\"@type\":\"ImageObject\",\"inLanguage\":\"es\",\"@id\":\"https:\\\/\\\/secure.gravatar.com\\\/avatar\\\/e66da5702538a463148fac7299f33add18be6ea677862f8692689faad1602816?s=96&d=mm&r=g\",\"url\":\"https:\\\/\\\/secure.gravatar.com\\\/avatar\\\/e66da5702538a463148fac7299f33add18be6ea677862f8692689faad1602816?s=96&d=mm&r=g\",\"contentUrl\":\"https:\\\/\\\/secure.gravatar.com\\\/avatar\\\/e66da5702538a463148fac7299f33add18be6ea677862f8692689faad1602816?s=96&d=mm&r=g\",\"caption\":\"GATC\"},\"url\":\"https:\\\/\\\/globalalliance.me\\\/es\\\/author\\\/skygoodwebworks-com\\\/\"}]}<\/script>\n<!-- \/ Yoast SEO plugin. -->","yoast_head_json":{"title":"Brasil crea un grupo de trabajo ind\u00edgena para impulsar los derechos a la Tierraen el pa\u00eds - Global Alliance of Territorial Communities","robots":{"index":"index","follow":"follow","max-snippet":"max-snippet:-1","max-image-preview":"max-image-preview:large","max-video-preview":"max-video-preview:-1"},"canonical":"https:\/\/globalalliance.me\/es\/brasil-crea-un-grupo-de-trabajo-indigena-para-impulsar-los-derechos-a-la-tierraen-el-pais\/","og_locale":"es_ES","og_type":"article","og_title":"Brasil crea un grupo de trabajo ind\u00edgena para impulsar los derechos a la Tierraen el pa\u00eds - Global Alliance of Territorial Communities","og_description":"La titulaci\u00f3n de tierras ind\u00edgenas en Brasil se ha quedado atr\u00e1s, ya que el presidente Lula hab\u00eda prometido completar 14 procesos en sus primeros 100 d\u00edas de gobierno, pero solo hab\u00eda titulado 10 en m\u00e1s de un a\u00f1o en el poder.","og_url":"https:\/\/globalalliance.me\/es\/brasil-crea-un-grupo-de-trabajo-indigena-para-impulsar-los-derechos-a-la-tierraen-el-pais\/","og_site_name":"Global Alliance of Territorial Communities","article_published_time":"2024-05-03T06:11:44+00:00","article_modified_time":"2025-04-01T22:51:01+00:00","og_image":[{"width":1280,"height":1141,"url":"https:\/\/globalalliance.me\/wp-content\/uploads\/2024\/05\/Kamikia-Kisedje-3.jpeg","type":"image\/jpeg"}],"author":"GATC","twitter_card":"summary_large_image","twitter_misc":{"Escrito por":"GATC","Tiempo de lectura":"4 minutos"},"schema":{"@context":"https:\/\/schema.org","@graph":[{"@type":"Article","@id":"https:\/\/globalalliance.me\/es\/brasil-crea-un-grupo-de-trabajo-indigena-para-impulsar-los-derechos-a-la-tierraen-el-pais\/#article","isPartOf":{"@id":"https:\/\/globalalliance.me\/es\/brasil-crea-un-grupo-de-trabajo-indigena-para-impulsar-los-derechos-a-la-tierraen-el-pais\/"},"author":{"name":"GATC","@id":"https:\/\/globalalliance.me\/es\/#\/schema\/person\/fce30f8bdf780bd712e18e1d4239aebc"},"headline":"Brasil crea un grupo de trabajo ind\u00edgena para impulsar los derechos a la Tierraen el pa\u00eds","datePublished":"2024-05-03T06:11:44+00:00","dateModified":"2025-04-01T22:51:01+00:00","mainEntityOfPage":{"@id":"https:\/\/globalalliance.me\/es\/brasil-crea-un-grupo-de-trabajo-indigena-para-impulsar-los-derechos-a-la-tierraen-el-pais\/"},"wordCount":786,"image":{"@id":"https:\/\/globalalliance.me\/es\/brasil-crea-un-grupo-de-trabajo-indigena-para-impulsar-los-derechos-a-la-tierraen-el-pais\/#primaryimage"},"thumbnailUrl":"https:\/\/globalalliance.me\/wp-content\/uploads\/2024\/05\/Kamikia-Kisedje-3.jpeg","articleSection":["Noticias"],"inLanguage":"es"},{"@type":"WebPage","@id":"https:\/\/globalalliance.me\/es\/brasil-crea-un-grupo-de-trabajo-indigena-para-impulsar-los-derechos-a-la-tierraen-el-pais\/","url":"https:\/\/globalalliance.me\/es\/brasil-crea-un-grupo-de-trabajo-indigena-para-impulsar-los-derechos-a-la-tierraen-el-pais\/","name":"Brasil crea un grupo de trabajo ind\u00edgena para impulsar los derechos a la Tierraen el pa\u00eds - Global Alliance of Territorial Communities","isPartOf":{"@id":"https:\/\/globalalliance.me\/es\/#website"},"primaryImageOfPage":{"@id":"https:\/\/globalalliance.me\/es\/brasil-crea-un-grupo-de-trabajo-indigena-para-impulsar-los-derechos-a-la-tierraen-el-pais\/#primaryimage"},"image":{"@id":"https:\/\/globalalliance.me\/es\/brasil-crea-un-grupo-de-trabajo-indigena-para-impulsar-los-derechos-a-la-tierraen-el-pais\/#primaryimage"},"thumbnailUrl":"https:\/\/globalalliance.me\/wp-content\/uploads\/2024\/05\/Kamikia-Kisedje-3.jpeg","datePublished":"2024-05-03T06:11:44+00:00","dateModified":"2025-04-01T22:51:01+00:00","author":{"@id":"https:\/\/globalalliance.me\/es\/#\/schema\/person\/fce30f8bdf780bd712e18e1d4239aebc"},"breadcrumb":{"@id":"https:\/\/globalalliance.me\/es\/brasil-crea-un-grupo-de-trabajo-indigena-para-impulsar-los-derechos-a-la-tierraen-el-pais\/#breadcrumb"},"inLanguage":"es","potentialAction":[{"@type":"ReadAction","target":["https:\/\/globalalliance.me\/es\/brasil-crea-un-grupo-de-trabajo-indigena-para-impulsar-los-derechos-a-la-tierraen-el-pais\/"]}]},{"@type":"ImageObject","inLanguage":"es","@id":"https:\/\/globalalliance.me\/es\/brasil-crea-un-grupo-de-trabajo-indigena-para-impulsar-los-derechos-a-la-tierraen-el-pais\/#primaryimage","url":"https:\/\/globalalliance.me\/wp-content\/uploads\/2024\/05\/Kamikia-Kisedje-3.jpeg","contentUrl":"https:\/\/globalalliance.me\/wp-content\/uploads\/2024\/05\/Kamikia-Kisedje-3.jpeg","width":1280,"height":1141,"caption":"l\u00edder ind\u00edgena habla con Sonia Guajajara y el Presidente Lula de Brasil en el Pal\u00e1cio do Planalto"},{"@type":"BreadcrumbList","@id":"https:\/\/globalalliance.me\/es\/brasil-crea-un-grupo-de-trabajo-indigena-para-impulsar-los-derechos-a-la-tierraen-el-pais\/#breadcrumb","itemListElement":[{"@type":"ListItem","position":1,"name":"Home","item":"https:\/\/globalalliance.me\/es\/inicio\/"},{"@type":"ListItem","position":2,"name":"Brasil crea un grupo de trabajo ind\u00edgena para impulsar los derechos a la Tierraen el pa\u00eds"}]},{"@type":"WebSite","@id":"https:\/\/globalalliance.me\/es\/#website","url":"https:\/\/globalalliance.me\/es\/","name":"Global Alliance of Territorial Communities","description":"We Are the Best Guardians of the Forest","potentialAction":[{"@type":"SearchAction","target":{"@type":"EntryPoint","urlTemplate":"https:\/\/globalalliance.me\/es\/?s={search_term_string}"},"query-input":{"@type":"PropertyValueSpecification","valueRequired":true,"valueName":"search_term_string"}}],"inLanguage":"es"},{"@type":"Person","@id":"https:\/\/globalalliance.me\/es\/#\/schema\/person\/fce30f8bdf780bd712e18e1d4239aebc","name":"GATC","image":{"@type":"ImageObject","inLanguage":"es","@id":"https:\/\/secure.gravatar.com\/avatar\/e66da5702538a463148fac7299f33add18be6ea677862f8692689faad1602816?s=96&d=mm&r=g","url":"https:\/\/secure.gravatar.com\/avatar\/e66da5702538a463148fac7299f33add18be6ea677862f8692689faad1602816?s=96&d=mm&r=g","contentUrl":"https:\/\/secure.gravatar.com\/avatar\/e66da5702538a463148fac7299f33add18be6ea677862f8692689faad1602816?s=96&d=mm&r=g","caption":"GATC"},"url":"https:\/\/globalalliance.me\/es\/author\/skygoodwebworks-com\/"}]}},"_links":{"self":[{"href":"https:\/\/globalalliance.me\/es\/wp-json\/wp\/v2\/posts\/10179","targetHints":{"allow":["GET"]}}],"collection":[{"href":"https:\/\/globalalliance.me\/es\/wp-json\/wp\/v2\/posts"}],"about":[{"href":"https:\/\/globalalliance.me\/es\/wp-json\/wp\/v2\/types\/post"}],"author":[{"embeddable":true,"href":"https:\/\/globalalliance.me\/es\/wp-json\/wp\/v2\/users\/2"}],"replies":[{"embeddable":true,"href":"https:\/\/globalalliance.me\/es\/wp-json\/wp\/v2\/comments?post=10179"}],"version-history":[{"count":0,"href":"https:\/\/globalalliance.me\/es\/wp-json\/wp\/v2\/posts\/10179\/revisions"}],"wp:featuredmedia":[{"embeddable":true,"href":"https:\/\/globalalliance.me\/es\/wp-json\/wp\/v2\/media\/10133"}],"wp:attachment":[{"href":"https:\/\/globalalliance.me\/es\/wp-json\/wp\/v2\/media?parent=10179"}],"wp:term":[{"taxonomy":"category","embeddable":true,"href":"https:\/\/globalalliance.me\/es\/wp-json\/wp\/v2\/categories?post=10179"},{"taxonomy":"post_tag","embeddable":true,"href":"https:\/\/globalalliance.me\/es\/wp-json\/wp\/v2\/tags?post=10179"}],"curies":[{"name":"wp","href":"https:\/\/api.w.org\/{rel}","templated":true}]}}