{"id":16146,"date":"2025-04-27T21:41:00","date_gmt":"2025-04-27T21:41:00","guid":{"rendered":"https:\/\/globalalliance.me\/apres-20-ans-dexistence-lapib-affirme-son-leadership-mondial-en-matiere-de-climat-lors-de-latl-2025\/"},"modified":"2025-05-26T22:30:11","modified_gmt":"2025-05-26T22:30:11","slug":"apres-20-ans-dexistence-lapib-affirme-son-leadership-mondial-en-matiere-de-climat-lors-de-latl-2025","status":"publish","type":"post","link":"https:\/\/globalalliance.me\/fr\/apres-20-ans-dexistence-lapib-affirme-son-leadership-mondial-en-matiere-de-climat-lors-de-latl-2025\/","title":{"rendered":"Apr\u00e8s 20 ans d&#8217;existence, l&#8217;APIB affirme son leadership mondial en mati\u00e8re de climat lors de l&#8217;ATL 2025"},"content":{"rendered":"\n<p><em>Le 20e anniversaire de l&#8217;APIB lors de l&#8217;ATL 2025 a donn\u00e9 le ton pour le leadership autochtone en mati\u00e8re d&#8217;action climatique, avec le lancement d&#8217;une CDN autochtone, la coordination internationale en vue de la COP30 et de puissantes mobilisations. Top photo: Walter Kuamaruara  <\/em><\/p>\n\n<p>April 2025 &#8211; \u00c0 un moment historique pour le leadership autochtone en mati\u00e8re de climat, l&#8217;Articulation des Peuples Autochtones du Br\u00e9sil (APIB) a c\u00e9l\u00e9br\u00e9 son 20e anniversaire \u00e0 l&#8217;Acampamento Terra Livre (ATL) 2025 avec le lancement de la premi\u00e8re proposition visant \u00e0 inclure les revendications des peuples autochtones dans les contributions d\u00e9termin\u00e9es au niveau national (CDN) du Br\u00e9sil. En outre, l&#8217;APIB a annonc\u00e9 la cr\u00e9ation d&#8217;une Commission internationale autochtone pour la COP30 et a accueilli une r\u00e9union de haut niveau avec plus de 15 ambassades afin de faire progresser la coop\u00e9ration internationale sur la voie de Bel\u00e9m. <br\/><br\/>Rejointe par des dirigeants Autochtones et des Communaut\u00e9s Locales du Mexique, du Panama et de l&#8217;\u00c9quateur repr\u00e9sentant l&#8217;Alliance mondiale des communaut\u00e9s territoriales, l&#8217;APIB a r\u00e9affirm\u00e9 son leadership en tant que principal rassembleur de la soci\u00e9t\u00e9 civile pour la COP30. Elle a mis en avant sa campagne \u00ab Nous sommes la r\u00e9ponse \u00bb, qui vise \u00e0 unir les mouvements populaires en mettant l&#8217;accent sur les solutions propos\u00e9es par les Peuples Autochtones, les Communaut\u00e9s Locales, les Quilombolas et au-del\u00e0.  <\/p>\n\n<p>L&#8217;ATL de cette ann\u00e9e a marqu\u00e9 un tournant pour le mouvement autochtone, avec le lancement officiel de la premi\u00e8re contribution d\u00e9termin\u00e9e au niveau national (CDN) du Br\u00e9sil, une proposition visant \u00e0 int\u00e9grer les revendications autochtones dans le cadre plus large des engagements climatiques du Br\u00e9sil au titre de l&#8217;Accord de Paris. La CDN souligne la n\u00e9cessit\u00e9 de l&#8217;\u00e9quit\u00e9, de l&#8217;autod\u00e9termination et de la participation active des Peuples Autochtones et des communaut\u00e9s traditionnelles \u00e0 la mise en \u0153uvre des strat\u00e9gies climatiques du Br\u00e9sil. <\/p>\n\n<p>\u00ab Le lancement de la CDN autochtone au Br\u00e9sil repr\u00e9sente la force avec laquelle nos peuples abordent la COP30. Nous renfor\u00e7ons l&#8217;importance de nous placer au centre du d\u00e9bat sur le climat, car nous sommes essentiels pour faire face \u00e0 la crise \u00bb, a d\u00e9clar\u00e9 <strong>Kleber Karipuna<\/strong>, coordinateur ex\u00e9cutif de l&#8217;APIB. \u00ab Il est impossible, au XXIe si\u00e8cle, avec toutes les preuves qui reconnaissent notre r\u00f4le de protecteurs des territoires, que nous ne soyons pas inclus dans la strat\u00e9gie vitale que le Br\u00e9sil peut offrir dans la lutte contre le changement climatique. \u00bb <\/p>\n\n<p>Deux marches de protestation puissantes men\u00e9es par les peuples autochtones ont fait la une des journaux pendant la Semaine de l&#8217;indig\u00e8ne. La premi\u00e8re, intitul\u00e9e \u00ab <em>Notre d\u00e9marcation est notre climat<\/em> \u00bb, d\u00e9non\u00e7ait le retard constant dans l&#8217;attribution des titres fonciers et les attaques politiques contre les droits des autochtones. La seconde, intitul\u00e9e \u00ab <em>Sans d\u00e9marcation, pas de d\u00e9mocratie<\/em> \u00bb, a attir\u00e9 l&#8217;attention sur les reculs l\u00e9gislatifs tels que la th\u00e8se du d\u00e9lai et le projet de loi 2903. Malgr\u00e9 la r\u00e9pression violente de la police lors des deux mobilisations, les dirigeants autochtones ont re\u00e7u des messages de soutien fermes de la part d&#8217;alli\u00e9s et de mouvements internationaux, notamment l&#8217;Alliance mondiale des communaut\u00e9s territoriales (AGCT), qui ont r\u00e9affirm\u00e9 leur solidarit\u00e9 mondiale avec leur lutte.   <\/p>\n\n<p>Au cours de l&#8217;ATL, deux manifestations importantes ont eu lieu, chacune abordant des questions cruciales pour les communaut\u00e9s autochtones. La premi\u00e8re, \u00ab <a href=\"https:\/\/www.instagram.com\/p\/DIMpwP9PpCK\/\">Apib Somos Todos N\u00f3s : Nosso Futuro N\u00e3o Est\u00e1 \u00e0 Venda<\/a> \u00bb (\u00ab APIB : Nous sommes tous un : notre avenir n&#8217;est pas \u00e0 vendre \u00bb), \u00e9tait une r\u00e9ponse directe aux menaces croissantes qui p\u00e8sent sur les droits des Peuples Autochtones au Br\u00e9sil, en particulier une nouvelle proposition de la Cour supr\u00eame qui menace de priver les Peuples Autochtones de leur droit de veto sur les activit\u00e9s \u00e9conomiques sur leurs terres ancestrales. Ce projet de loi, qui vise \u00e0 ouvrir les territoires autochtones \u00e0 l&#8217;exploitation mini\u00e8re, aux centrales hydro\u00e9lectriques et aux routes, repr\u00e9sente une mesure sans pr\u00e9c\u00e9dent dans l&#8217;histoire du Br\u00e9sil.   <\/p>\n\n<figure class=\"wp-block-gallery has-nested-images columns-default is-cropped wp-block-gallery-1 is-layout-flex wp-block-gallery-is-layout-flex\">\n<figure class=\"wp-block-image size-large\"><a href=\"https:\/\/globalalliance.me\/wp-content\/uploads\/2025\/04\/5165991972664618971.jpg\"><img fetchpriority=\"high\" decoding=\"async\" width=\"1280\" height=\"719\" data-id=\"16098\" src=\"https:\/\/globalalliance.me\/wp-content\/uploads\/2025\/04\/5165991972664618971.jpg\" alt=\"des jeunes autochtones d&#xE9;filent dans les rues avec des pancartes et une banderole rouge sur laquelle on peut lire &#xAB; Juventude nunca foi presa &#xBB;\" class=\"wp-image-16098\" srcset=\"https:\/\/globalalliance.me\/wp-content\/uploads\/2025\/04\/5165991972664618971.jpg 1280w, https:\/\/globalalliance.me\/wp-content\/uploads\/2025\/04\/5165991972664618971-600x337.jpg 600w, https:\/\/globalalliance.me\/wp-content\/uploads\/2025\/04\/5165991972664618971-768x431.jpg 768w, https:\/\/globalalliance.me\/wp-content\/uploads\/2025\/04\/5165991972664618971-705x396.jpg 705w\" sizes=\"(max-width: 1280px) 100vw, 1280px\" \/><\/a><figcaption class=\"wp-element-caption\">photo: Lu Santiago<\/figcaption><\/figure>\n\n\n\n<figure class=\"wp-block-image size-large\"><a href=\"https:\/\/globalalliance.me\/wp-content\/uploads\/2025\/04\/5172566184615325314.jpg\"><img decoding=\"async\" width=\"1280\" height=\"853\" data-id=\"16103\" src=\"https:\/\/globalalliance.me\/wp-content\/uploads\/2025\/04\/5172566184615325314.jpg\" alt=\"des hommes autochtones coiff&#xE9;s de coiffes traditionnelles en plumes d&#xE9;filent au coucher du soleil lors d'une manifestation pour le climat\" class=\"wp-image-16103\" srcset=\"https:\/\/globalalliance.me\/wp-content\/uploads\/2025\/04\/5172566184615325314.jpg 1280w, https:\/\/globalalliance.me\/wp-content\/uploads\/2025\/04\/5172566184615325314-600x400.jpg 600w, https:\/\/globalalliance.me\/wp-content\/uploads\/2025\/04\/5172566184615325314-768x512.jpg 768w, https:\/\/globalalliance.me\/wp-content\/uploads\/2025\/04\/5172566184615325314-705x470.jpg 705w\" sizes=\"(max-width: 1280px) 100vw, 1280px\" \/><\/a><figcaption class=\"wp-element-caption\">Photo: Bianca Amaral<\/figcaption><\/figure>\n\n\n\n<figure class=\"wp-block-image size-large\"><a href=\"https:\/\/globalalliance.me\/wp-content\/uploads\/2025\/04\/Mari-Arango-GATC-APIB-20-year-Kuamaruara-marh-wide.jpg\"><img decoding=\"async\" width=\"1280\" height=\"853\" data-id=\"16108\" src=\"https:\/\/globalalliance.me\/wp-content\/uploads\/2025\/04\/Mari-Arango-GATC-APIB-20-year-Kuamaruara-marh-wide.jpg\" alt=\"une foule immense envahit les rues de la ville lors d'une marche pour le climat &lt;br&gt;avec des banderoles appelant &#xE0; la protection de l'Amazonie et aux droits des autochtones\" class=\"wp-image-16108\" srcset=\"https:\/\/globalalliance.me\/wp-content\/uploads\/2025\/04\/Mari-Arango-GATC-APIB-20-year-Kuamaruara-marh-wide.jpg 1280w, https:\/\/globalalliance.me\/wp-content\/uploads\/2025\/04\/Mari-Arango-GATC-APIB-20-year-Kuamaruara-marh-wide-600x400.jpg 600w, https:\/\/globalalliance.me\/wp-content\/uploads\/2025\/04\/Mari-Arango-GATC-APIB-20-year-Kuamaruara-marh-wide-768x512.jpg 768w, https:\/\/globalalliance.me\/wp-content\/uploads\/2025\/04\/Mari-Arango-GATC-APIB-20-year-Kuamaruara-marh-wide-705x470.jpg 705w\" sizes=\"(max-width: 1280px) 100vw, 1280px\" \/><\/a><figcaption class=\"wp-element-caption\">Photo: Juliana Duarte<\/figcaption><\/figure>\n<\/figure>\n\n<p>La deuxi\u00e8me manifestation, la \u00ab <a href=\"https:\/\/www.instagram.com\/p\/DIR9EvuvsKO\/?img_index=1\">Marcha &#8216;A Resposta Somos N\u00f3s<\/a> \u00bb (\u00ab Marche : \u00ab Nous sommes la r\u00e9ponse \u00bb), a rassembl\u00e9 divers groupes de la soci\u00e9t\u00e9 civile br\u00e9silienne, notamment des Quilombolas, des petits agriculteurs, des jeunes et d&#8217;autres mouvements populaires. Le message central de la marche soulignait que les solutions \u00e0 la crise climatique appartiennent aux populations locales, dont les moyens de subsistance sont directement li\u00e9s \u00e0 l&#8217;environnement. Ce message a trouv\u00e9 un \u00e9cho au-del\u00e0 des fronti\u00e8res du Br\u00e9sil, dans le but d&#8217;unir les mouvements mondiaux sur la voie de la COP30. La marche s&#8217;est termin\u00e9e par une r\u00e9pression polici\u00e8re injustifi\u00e9e contre les manifestants, un acte que <a href=\"https:\/\/www.instagram.com\/p\/DISb-3Et2UV\/?img_index=1\">l&#8217;APIB a condamn\u00e9<\/a>, r\u00e9affirmant que leur manifestation \u00e9tait pacifique.    <\/p>\n\n<p>Dans un moment diplomatique important, l&#8217;APIB, en partenariat avec le AGCT et la COIAB, a organis\u00e9 une r\u00e9union de haut niveau des ambassades intitul\u00e9e \u00ab <em>Nous sommes la r\u00e9ponse : visions autochtones pour la COP30<\/em> \u00bb. Plus de 15 ambassades ont particip\u00e9, dont celles de l&#8217;Allemagne, du Royaume-Uni, de la France, du Canada et de l&#8217;Union europ\u00e9enne. Cette r\u00e9union a constitu\u00e9 une \u00e9tape importante pour garantir que les voix autochtones soient non seulement entendues, mais \u00e9galement prises en compte dans les n\u00e9gociations officielles sur le climat. L&#8217;objectif est que la COP30 ait un impact durable, qui renforce la participation autochtone dans les r\u00e9sultats de la Convention-cadre des Nations unies sur les changements climatiques (CCNUCC).  <\/p>\n\n<p>L&#8217;APIB a \u00e9galement annonc\u00e9 la cr\u00e9ation de la Commission internationale autochtone pour la COP30, une \u00e9tape historique vers la formalisation de la participation autochtone \u00e0 la gouvernance mondiale du climat. La Commission sera dirig\u00e9e par la ministre Sonia Guajajara et comprendra des repr\u00e9sentants de l&#8217;APIB, du COIAB, de l&#8217;ANMIGA, du G9 amazonien et du AGCT. <\/p>\n\n<p>\u00ab Nous sommes ici en solidarit\u00e9 avec les femmes Autochtones du Br\u00e9sil, nous sommes ici pour le droit au territoire et \u00e0 la vie. Nous restons fermes dans notre solidarit\u00e9 avec les peuples du Br\u00e9sil \u00bb, a d\u00e9clar\u00e9 <strong>Sara Omi<\/strong>, leader Ember\u00e1 du Panama et repr\u00e9sentante de l&#8217;Alliance mondiale des communaut\u00e9s territoriales (AGCT).<\/p>\n\n<p>La pr\u00e9sence internationale \u00e0 l&#8217;ATL 2025 a \u00e9t\u00e9 sans pr\u00e9c\u00e9dent, avec des dirigeants du Mexique, du Panama, de l&#8217;\u00c9quateur, de l&#8217;Australie, des Fidji et d&#8217;autres pays qui se sont solidaris\u00e9s avec le mouvement autochtone br\u00e9silien. La d\u00e9l\u00e9gation de la AGCT a fait entendre des voix du monde entier, soulignant que les Peuples Autochtones et les Communaut\u00e9s Locales ne sont pas seulement en premi\u00e8re ligne de la crise climatique, mais aussi \u00e0 l&#8217;avant-garde des solutions. <\/p>\n\n<p>Alors que l&#8217;APIB c\u00e9l\u00e8bre deux d\u00e9cennies de mobilisation pour les droits et les territoires, l&#8217;ATL 2025 a plac\u00e9 les Peuples Autochtones au centre du leadership climatique, renfor\u00e7ant leur voix collective sur la route de la COP30 \u00e0 Bel\u00e9m.<\/p>\n\n<p><\/p>\n","protected":false},"excerpt":{"rendered":"<p>Le 20e anniversaire de l&#8217;APIB lors de l&#8217;ATL 2025 a donn\u00e9 le ton pour le leadership autochtone en mati\u00e8re d&#8217;action climatique, avec le lancement d&#8217;une CDN autochtone, la coordination internationale en vue de la COP30 et de puissantes mobilisations. <\/p>\n","protected":false},"author":2,"featured_media":16094,"comment_status":"closed","ping_status":"closed","sticky":false,"template":"","format":"standard","meta":{"cybocfi_hide_featured_image":"","footnotes":"","_links_to":"","_links_to_target":""},"categories":[42],"tags":[],"class_list":["post-16146","post","type-post","status-publish","format-standard","has-post-thumbnail","hentry","category-nouvelles"],"yoast_head":"<!-- This site is optimized with the Yoast SEO plugin v27.5 - https:\/\/yoast.com\/product\/yoast-seo-wordpress\/ -->\n<title>Apr\u00e8s 20 ans d&#039;existence, l&#039;APIB affirme son leadership mondial en mati\u00e8re de climat lors de l&#039;ATL 2025 - Global Alliance of Territorial Communities<\/title>\n<meta name=\"robots\" content=\"index, follow, max-snippet:-1, max-image-preview:large, max-video-preview:-1\" \/>\n<link rel=\"canonical\" href=\"https:\/\/globalalliance.me\/fr\/apres-20-ans-dexistence-lapib-affirme-son-leadership-mondial-en-matiere-de-climat-lors-de-latl-2025\/\" \/>\n<meta property=\"og:locale\" content=\"fr_FR\" \/>\n<meta property=\"og:type\" content=\"article\" \/>\n<meta property=\"og:title\" content=\"Apr\u00e8s 20 ans d&#039;existence, l&#039;APIB affirme son leadership mondial en mati\u00e8re de climat lors de l&#039;ATL 2025 - Global Alliance of Territorial Communities\" \/>\n<meta property=\"og:description\" content=\"Le 20e anniversaire de l&#039;APIB lors de l&#039;ATL 2025 a donn\u00e9 le ton pour le leadership autochtone en mati\u00e8re d&#039;action climatique, avec le lancement d&#039;une CDN autochtone, la coordination internationale en vue de la COP30 et de puissantes mobilisations.\" \/>\n<meta property=\"og:url\" content=\"https:\/\/globalalliance.me\/fr\/apres-20-ans-dexistence-lapib-affirme-son-leadership-mondial-en-matiere-de-climat-lors-de-latl-2025\/\" \/>\n<meta property=\"og:site_name\" content=\"Global Alliance of Territorial Communities\" \/>\n<meta property=\"article:published_time\" content=\"2025-04-27T21:41:00+00:00\" \/>\n<meta property=\"article:modified_time\" content=\"2025-05-26T22:30:11+00:00\" \/>\n<meta property=\"og:image\" content=\"https:\/\/globalalliance.me\/wp-content\/uploads\/2025\/04\/Mari-Arango-GATC-APIB-20-year-Kuamaruara.jpg\" \/>\n\t<meta property=\"og:image:width\" content=\"1280\" \/>\n\t<meta property=\"og:image:height\" content=\"852\" \/>\n\t<meta property=\"og:image:type\" content=\"image\/jpeg\" \/>\n<meta name=\"author\" content=\"GATC\" \/>\n<meta name=\"twitter:card\" content=\"summary_large_image\" \/>\n<meta name=\"twitter:label1\" content=\"\u00c9crit par\" \/>\n\t<meta name=\"twitter:data1\" content=\"GATC\" \/>\n\t<meta name=\"twitter:label2\" content=\"Dur\u00e9e de lecture estim\u00e9e\" \/>\n\t<meta name=\"twitter:data2\" content=\"6 minutes\" \/>\n<script type=\"application\/ld+json\" class=\"yoast-schema-graph\">{\"@context\":\"https:\\\/\\\/schema.org\",\"@graph\":[{\"@type\":\"Article\",\"@id\":\"https:\\\/\\\/globalalliance.me\\\/fr\\\/apres-20-ans-dexistence-lapib-affirme-son-leadership-mondial-en-matiere-de-climat-lors-de-latl-2025\\\/#article\",\"isPartOf\":{\"@id\":\"https:\\\/\\\/globalalliance.me\\\/fr\\\/apres-20-ans-dexistence-lapib-affirme-son-leadership-mondial-en-matiere-de-climat-lors-de-latl-2025\\\/\"},\"author\":{\"name\":\"GATC\",\"@id\":\"https:\\\/\\\/globalalliance.me\\\/fr\\\/#\\\/schema\\\/person\\\/fce30f8bdf780bd712e18e1d4239aebc\"},\"headline\":\"Apr\u00e8s 20 ans d&#8217;existence, l&#8217;APIB affirme son leadership mondial en mati\u00e8re de climat lors de l&#8217;ATL 2025\",\"datePublished\":\"2025-04-27T21:41:00+00:00\",\"dateModified\":\"2025-05-26T22:30:11+00:00\",\"mainEntityOfPage\":{\"@id\":\"https:\\\/\\\/globalalliance.me\\\/fr\\\/apres-20-ans-dexistence-lapib-affirme-son-leadership-mondial-en-matiere-de-climat-lors-de-latl-2025\\\/\"},\"wordCount\":1230,\"image\":{\"@id\":\"https:\\\/\\\/globalalliance.me\\\/fr\\\/apres-20-ans-dexistence-lapib-affirme-son-leadership-mondial-en-matiere-de-climat-lors-de-latl-2025\\\/#primaryimage\"},\"thumbnailUrl\":\"https:\\\/\\\/globalalliance.me\\\/wp-content\\\/uploads\\\/2025\\\/04\\\/Mari-Arango-GATC-APIB-20-year-Kuamaruara.jpg\",\"articleSection\":[\"Nouvelles\"],\"inLanguage\":\"fr-FR\"},{\"@type\":\"WebPage\",\"@id\":\"https:\\\/\\\/globalalliance.me\\\/fr\\\/apres-20-ans-dexistence-lapib-affirme-son-leadership-mondial-en-matiere-de-climat-lors-de-latl-2025\\\/\",\"url\":\"https:\\\/\\\/globalalliance.me\\\/fr\\\/apres-20-ans-dexistence-lapib-affirme-son-leadership-mondial-en-matiere-de-climat-lors-de-latl-2025\\\/\",\"name\":\"Apr\u00e8s 20 ans d'existence, l'APIB affirme son leadership mondial en mati\u00e8re de climat lors de l'ATL 2025 - Global Alliance of Territorial Communities\",\"isPartOf\":{\"@id\":\"https:\\\/\\\/globalalliance.me\\\/fr\\\/#website\"},\"primaryImageOfPage\":{\"@id\":\"https:\\\/\\\/globalalliance.me\\\/fr\\\/apres-20-ans-dexistence-lapib-affirme-son-leadership-mondial-en-matiere-de-climat-lors-de-latl-2025\\\/#primaryimage\"},\"image\":{\"@id\":\"https:\\\/\\\/globalalliance.me\\\/fr\\\/apres-20-ans-dexistence-lapib-affirme-son-leadership-mondial-en-matiere-de-climat-lors-de-latl-2025\\\/#primaryimage\"},\"thumbnailUrl\":\"https:\\\/\\\/globalalliance.me\\\/wp-content\\\/uploads\\\/2025\\\/04\\\/Mari-Arango-GATC-APIB-20-year-Kuamaruara.jpg\",\"datePublished\":\"2025-04-27T21:41:00+00:00\",\"dateModified\":\"2025-05-26T22:30:11+00:00\",\"author\":{\"@id\":\"https:\\\/\\\/globalalliance.me\\\/fr\\\/#\\\/schema\\\/person\\\/fce30f8bdf780bd712e18e1d4239aebc\"},\"breadcrumb\":{\"@id\":\"https:\\\/\\\/globalalliance.me\\\/fr\\\/apres-20-ans-dexistence-lapib-affirme-son-leadership-mondial-en-matiere-de-climat-lors-de-latl-2025\\\/#breadcrumb\"},\"inLanguage\":\"fr-FR\",\"potentialAction\":[{\"@type\":\"ReadAction\",\"target\":[\"https:\\\/\\\/globalalliance.me\\\/fr\\\/apres-20-ans-dexistence-lapib-affirme-son-leadership-mondial-en-matiere-de-climat-lors-de-latl-2025\\\/\"]}]},{\"@type\":\"ImageObject\",\"inLanguage\":\"fr-FR\",\"@id\":\"https:\\\/\\\/globalalliance.me\\\/fr\\\/apres-20-ans-dexistence-lapib-affirme-son-leadership-mondial-en-matiere-de-climat-lors-de-latl-2025\\\/#primaryimage\",\"url\":\"https:\\\/\\\/globalalliance.me\\\/wp-content\\\/uploads\\\/2025\\\/04\\\/Mari-Arango-GATC-APIB-20-year-Kuamaruara.jpg\",\"contentUrl\":\"https:\\\/\\\/globalalliance.me\\\/wp-content\\\/uploads\\\/2025\\\/04\\\/Mari-Arango-GATC-APIB-20-year-Kuamaruara.jpg\",\"width\":1280,\"height\":852,\"caption\":\"Photo: Walter Kuamaruara\"},{\"@type\":\"BreadcrumbList\",\"@id\":\"https:\\\/\\\/globalalliance.me\\\/fr\\\/apres-20-ans-dexistence-lapib-affirme-son-leadership-mondial-en-matiere-de-climat-lors-de-latl-2025\\\/#breadcrumb\",\"itemListElement\":[{\"@type\":\"ListItem\",\"position\":1,\"name\":\"Home\",\"item\":\"https:\\\/\\\/globalalliance.me\\\/fr\\\/accueil\\\/\"},{\"@type\":\"ListItem\",\"position\":2,\"name\":\"Apr\u00e8s 20 ans d&#8217;existence, l&#8217;APIB affirme son leadership mondial en mati\u00e8re de climat lors de l&#8217;ATL 2025\"}]},{\"@type\":\"WebSite\",\"@id\":\"https:\\\/\\\/globalalliance.me\\\/fr\\\/#website\",\"url\":\"https:\\\/\\\/globalalliance.me\\\/fr\\\/\",\"name\":\"Global Alliance of Territorial Communities\",\"description\":\"We Are the Best Guardians of the Forest\",\"potentialAction\":[{\"@type\":\"SearchAction\",\"target\":{\"@type\":\"EntryPoint\",\"urlTemplate\":\"https:\\\/\\\/globalalliance.me\\\/fr\\\/?s={search_term_string}\"},\"query-input\":{\"@type\":\"PropertyValueSpecification\",\"valueRequired\":true,\"valueName\":\"search_term_string\"}}],\"inLanguage\":\"fr-FR\"},{\"@type\":\"Person\",\"@id\":\"https:\\\/\\\/globalalliance.me\\\/fr\\\/#\\\/schema\\\/person\\\/fce30f8bdf780bd712e18e1d4239aebc\",\"name\":\"GATC\",\"image\":{\"@type\":\"ImageObject\",\"inLanguage\":\"fr-FR\",\"@id\":\"https:\\\/\\\/secure.gravatar.com\\\/avatar\\\/e66da5702538a463148fac7299f33add18be6ea677862f8692689faad1602816?s=96&d=mm&r=g\",\"url\":\"https:\\\/\\\/secure.gravatar.com\\\/avatar\\\/e66da5702538a463148fac7299f33add18be6ea677862f8692689faad1602816?s=96&d=mm&r=g\",\"contentUrl\":\"https:\\\/\\\/secure.gravatar.com\\\/avatar\\\/e66da5702538a463148fac7299f33add18be6ea677862f8692689faad1602816?s=96&d=mm&r=g\",\"caption\":\"GATC\"},\"url\":\"https:\\\/\\\/globalalliance.me\\\/fr\\\/author\\\/skygoodwebworks-com\\\/\"}]}<\/script>\n<!-- \/ Yoast SEO plugin. -->","yoast_head_json":{"title":"Apr\u00e8s 20 ans d'existence, l'APIB affirme son leadership mondial en mati\u00e8re de climat lors de l'ATL 2025 - Global Alliance of Territorial Communities","robots":{"index":"index","follow":"follow","max-snippet":"max-snippet:-1","max-image-preview":"max-image-preview:large","max-video-preview":"max-video-preview:-1"},"canonical":"https:\/\/globalalliance.me\/fr\/apres-20-ans-dexistence-lapib-affirme-son-leadership-mondial-en-matiere-de-climat-lors-de-latl-2025\/","og_locale":"fr_FR","og_type":"article","og_title":"Apr\u00e8s 20 ans d'existence, l'APIB affirme son leadership mondial en mati\u00e8re de climat lors de l'ATL 2025 - Global Alliance of Territorial Communities","og_description":"Le 20e anniversaire de l'APIB lors de l'ATL 2025 a donn\u00e9 le ton pour le leadership autochtone en mati\u00e8re d'action climatique, avec le lancement d'une CDN autochtone, la coordination internationale en vue de la COP30 et de puissantes mobilisations.","og_url":"https:\/\/globalalliance.me\/fr\/apres-20-ans-dexistence-lapib-affirme-son-leadership-mondial-en-matiere-de-climat-lors-de-latl-2025\/","og_site_name":"Global Alliance of Territorial Communities","article_published_time":"2025-04-27T21:41:00+00:00","article_modified_time":"2025-05-26T22:30:11+00:00","og_image":[{"width":1280,"height":852,"url":"https:\/\/globalalliance.me\/wp-content\/uploads\/2025\/04\/Mari-Arango-GATC-APIB-20-year-Kuamaruara.jpg","type":"image\/jpeg"}],"author":"GATC","twitter_card":"summary_large_image","twitter_misc":{"\u00c9crit par":"GATC","Dur\u00e9e de lecture estim\u00e9e":"6 minutes"},"schema":{"@context":"https:\/\/schema.org","@graph":[{"@type":"Article","@id":"https:\/\/globalalliance.me\/fr\/apres-20-ans-dexistence-lapib-affirme-son-leadership-mondial-en-matiere-de-climat-lors-de-latl-2025\/#article","isPartOf":{"@id":"https:\/\/globalalliance.me\/fr\/apres-20-ans-dexistence-lapib-affirme-son-leadership-mondial-en-matiere-de-climat-lors-de-latl-2025\/"},"author":{"name":"GATC","@id":"https:\/\/globalalliance.me\/fr\/#\/schema\/person\/fce30f8bdf780bd712e18e1d4239aebc"},"headline":"Apr\u00e8s 20 ans d&#8217;existence, l&#8217;APIB affirme son leadership mondial en mati\u00e8re de climat lors de l&#8217;ATL 2025","datePublished":"2025-04-27T21:41:00+00:00","dateModified":"2025-05-26T22:30:11+00:00","mainEntityOfPage":{"@id":"https:\/\/globalalliance.me\/fr\/apres-20-ans-dexistence-lapib-affirme-son-leadership-mondial-en-matiere-de-climat-lors-de-latl-2025\/"},"wordCount":1230,"image":{"@id":"https:\/\/globalalliance.me\/fr\/apres-20-ans-dexistence-lapib-affirme-son-leadership-mondial-en-matiere-de-climat-lors-de-latl-2025\/#primaryimage"},"thumbnailUrl":"https:\/\/globalalliance.me\/wp-content\/uploads\/2025\/04\/Mari-Arango-GATC-APIB-20-year-Kuamaruara.jpg","articleSection":["Nouvelles"],"inLanguage":"fr-FR"},{"@type":"WebPage","@id":"https:\/\/globalalliance.me\/fr\/apres-20-ans-dexistence-lapib-affirme-son-leadership-mondial-en-matiere-de-climat-lors-de-latl-2025\/","url":"https:\/\/globalalliance.me\/fr\/apres-20-ans-dexistence-lapib-affirme-son-leadership-mondial-en-matiere-de-climat-lors-de-latl-2025\/","name":"Apr\u00e8s 20 ans d'existence, l'APIB affirme son leadership mondial en mati\u00e8re de climat lors de l'ATL 2025 - Global Alliance of Territorial Communities","isPartOf":{"@id":"https:\/\/globalalliance.me\/fr\/#website"},"primaryImageOfPage":{"@id":"https:\/\/globalalliance.me\/fr\/apres-20-ans-dexistence-lapib-affirme-son-leadership-mondial-en-matiere-de-climat-lors-de-latl-2025\/#primaryimage"},"image":{"@id":"https:\/\/globalalliance.me\/fr\/apres-20-ans-dexistence-lapib-affirme-son-leadership-mondial-en-matiere-de-climat-lors-de-latl-2025\/#primaryimage"},"thumbnailUrl":"https:\/\/globalalliance.me\/wp-content\/uploads\/2025\/04\/Mari-Arango-GATC-APIB-20-year-Kuamaruara.jpg","datePublished":"2025-04-27T21:41:00+00:00","dateModified":"2025-05-26T22:30:11+00:00","author":{"@id":"https:\/\/globalalliance.me\/fr\/#\/schema\/person\/fce30f8bdf780bd712e18e1d4239aebc"},"breadcrumb":{"@id":"https:\/\/globalalliance.me\/fr\/apres-20-ans-dexistence-lapib-affirme-son-leadership-mondial-en-matiere-de-climat-lors-de-latl-2025\/#breadcrumb"},"inLanguage":"fr-FR","potentialAction":[{"@type":"ReadAction","target":["https:\/\/globalalliance.me\/fr\/apres-20-ans-dexistence-lapib-affirme-son-leadership-mondial-en-matiere-de-climat-lors-de-latl-2025\/"]}]},{"@type":"ImageObject","inLanguage":"fr-FR","@id":"https:\/\/globalalliance.me\/fr\/apres-20-ans-dexistence-lapib-affirme-son-leadership-mondial-en-matiere-de-climat-lors-de-latl-2025\/#primaryimage","url":"https:\/\/globalalliance.me\/wp-content\/uploads\/2025\/04\/Mari-Arango-GATC-APIB-20-year-Kuamaruara.jpg","contentUrl":"https:\/\/globalalliance.me\/wp-content\/uploads\/2025\/04\/Mari-Arango-GATC-APIB-20-year-Kuamaruara.jpg","width":1280,"height":852,"caption":"Photo: Walter Kuamaruara"},{"@type":"BreadcrumbList","@id":"https:\/\/globalalliance.me\/fr\/apres-20-ans-dexistence-lapib-affirme-son-leadership-mondial-en-matiere-de-climat-lors-de-latl-2025\/#breadcrumb","itemListElement":[{"@type":"ListItem","position":1,"name":"Home","item":"https:\/\/globalalliance.me\/fr\/accueil\/"},{"@type":"ListItem","position":2,"name":"Apr\u00e8s 20 ans d&#8217;existence, l&#8217;APIB affirme son leadership mondial en mati\u00e8re de climat lors de l&#8217;ATL 2025"}]},{"@type":"WebSite","@id":"https:\/\/globalalliance.me\/fr\/#website","url":"https:\/\/globalalliance.me\/fr\/","name":"Global Alliance of Territorial Communities","description":"We Are the Best Guardians of the Forest","potentialAction":[{"@type":"SearchAction","target":{"@type":"EntryPoint","urlTemplate":"https:\/\/globalalliance.me\/fr\/?s={search_term_string}"},"query-input":{"@type":"PropertyValueSpecification","valueRequired":true,"valueName":"search_term_string"}}],"inLanguage":"fr-FR"},{"@type":"Person","@id":"https:\/\/globalalliance.me\/fr\/#\/schema\/person\/fce30f8bdf780bd712e18e1d4239aebc","name":"GATC","image":{"@type":"ImageObject","inLanguage":"fr-FR","@id":"https:\/\/secure.gravatar.com\/avatar\/e66da5702538a463148fac7299f33add18be6ea677862f8692689faad1602816?s=96&d=mm&r=g","url":"https:\/\/secure.gravatar.com\/avatar\/e66da5702538a463148fac7299f33add18be6ea677862f8692689faad1602816?s=96&d=mm&r=g","contentUrl":"https:\/\/secure.gravatar.com\/avatar\/e66da5702538a463148fac7299f33add18be6ea677862f8692689faad1602816?s=96&d=mm&r=g","caption":"GATC"},"url":"https:\/\/globalalliance.me\/fr\/author\/skygoodwebworks-com\/"}]}},"_links":{"self":[{"href":"https:\/\/globalalliance.me\/fr\/wp-json\/wp\/v2\/posts\/16146","targetHints":{"allow":["GET"]}}],"collection":[{"href":"https:\/\/globalalliance.me\/fr\/wp-json\/wp\/v2\/posts"}],"about":[{"href":"https:\/\/globalalliance.me\/fr\/wp-json\/wp\/v2\/types\/post"}],"author":[{"embeddable":true,"href":"https:\/\/globalalliance.me\/fr\/wp-json\/wp\/v2\/users\/2"}],"replies":[{"embeddable":true,"href":"https:\/\/globalalliance.me\/fr\/wp-json\/wp\/v2\/comments?post=16146"}],"version-history":[{"count":0,"href":"https:\/\/globalalliance.me\/fr\/wp-json\/wp\/v2\/posts\/16146\/revisions"}],"wp:featuredmedia":[{"embeddable":true,"href":"https:\/\/globalalliance.me\/fr\/wp-json\/wp\/v2\/media\/16094"}],"wp:attachment":[{"href":"https:\/\/globalalliance.me\/fr\/wp-json\/wp\/v2\/media?parent=16146"}],"wp:term":[{"taxonomy":"category","embeddable":true,"href":"https:\/\/globalalliance.me\/fr\/wp-json\/wp\/v2\/categories?post=16146"},{"taxonomy":"post_tag","embeddable":true,"href":"https:\/\/globalalliance.me\/fr\/wp-json\/wp\/v2\/tags?post=16146"}],"curies":[{"name":"wp","href":"https:\/\/api.w.org\/{rel}","templated":true}]}}