{"id":8845,"date":"2023-12-05T07:11:38","date_gmt":"2023-12-05T07:11:38","guid":{"rendered":"https:\/\/globalalliance.me\/donateurs-peinent-a-fournir-les-fonds-climatiques-aux-peuples-autochtones\/"},"modified":"2025-04-01T22:37:51","modified_gmt":"2025-04-01T22:37:51","slug":"donateurs-peinent-a-fournir-les-fonds-climatiques-aux-peuples-autochtones","status":"publish","type":"post","link":"https:\/\/globalalliance.me\/fr\/donateurs-peinent-a-fournir-les-fonds-climatiques-aux-peuples-autochtones\/","title":{"rendered":"Donateurs peinent \u00e0 fournir les fonds climatiques aux Peuples Autochtones"},"content":{"rendered":"\n<p><strong>L&#8217;Alliance des Peuples Autochtones et des communaut\u00e9s locales des for\u00eats d&#8217;Afrique, d&#8217;Am\u00e9rique latine et d&#8217;Asie publie un rapport \u00e0 l&#8217;occasion de la COP28 sugg\u00e9rant que les donateurs peinent \u00e0 fournir les fonds climatiques promis directement aux Peuples Autochtones et aux communaut\u00e9s locales.<\/strong><\/p>\n\n<p><strong>Alors que les n\u00e9gociateurs de l\u2019ONU d\u00e9battent de la mani\u00e8re d\u2019investir des <a href=\"https:\/\/unfccc.int\/topics\/global-stocktake\/about-the-global-stocktake\/why-the-global-stocktake-is-important-for-climate-action-this-decade#What-does-the-global-stocktake-tell-us\">milliers de milliards<\/a>, les exp\u00e9riences et les preuves pr\u00e9sent\u00e9es \u00e0 Duba\u00ef sugg\u00e8rent que les fonds achemin\u00e9s par l\u2019interm\u00e9diaire de tierces parties \u201cs\u2019\u00e9vaporent\u201d avant d\u2019atteindre les communaut\u00e9s, qui se sont r\u00e9v\u00e9l\u00e9es excellentes dans la <a href=\"https:\/\/www.nature.com\/articles\/s41558-023-01863-6\">restauration<\/a> des for\u00eats et la pr\u00e9vention de la d\u00e9forestation.<\/strong><\/p>\n\n<p><strong>DUBAI<\/strong> \u2014 (3 d\u00e9cembre 2023) Lors de la Conf\u00e9rence de l\u2019ONU sur le climat qui s\u2019est tenue aujourd\u2019hui, une alliance mondiale de Peuples Autochtones et de communaut\u00e9s locales de 24 pays forestiers tropicaux a publi\u00e9 un rapport identifiant des failles importantes dans les efforts mondiaux visant \u00e0 financer les communaut\u00e9s qui conservent certaines <a href=\"https:\/\/esajournals.onlinelibrary.wiley.com\/doi\/full\/10.1002\/fee.2148\">des for\u00eats tropicales<\/a> les plus riches en biodiversit\u00e9 et en carbone du monde en Afrique, en Asie et en Am\u00e9rique latine.<\/p>\n\n<p>Selon l&#8217;\u00e9tude publi\u00e9e aujourd&#8217;hui par l&#8217;Alliance Globale ale des Collectivit\u00e9s Territoriales (GATC), les donateurs continuent d&#8217;utiliser des syst\u00e8mes inad\u00e9quats et obsol\u00e8tes pour documenter et fournir l&#8217;aide au d\u00e9veloppement, et envoient souvent l&#8217;argent destin\u00e9 aux Peuples Autochtones et aux communaut\u00e9s locales par l&#8217;interm\u00e9diaire de tiers, ce qui limite les montants qui leur parviennent. Pour parvenir \u00e0 leurs conclusions, les auteurs se sont appuy\u00e9s sur des informations fournies par les Peuples Autochtones et les communaut\u00e9s locales, sur un examen des donn\u00e9es des donateurs accessibles au public, sur une enqu\u00eate men\u00e9e aupr\u00e8s de partenaires et d&#8217;alli\u00e9s, ainsi que sur les id\u00e9es recueillies lors d&#8217;un atelier organis\u00e9 \u00e0 Paris pour discuter des obstacles et des solutions permettant de suivre les fonds et de rendre compte de l&#8217;impact de l&#8217;aide.  <\/p>\n\n<blockquote class=\"wp-block-quote is-layout-flow wp-block-quote-is-layout-flow\">\n<p>&#8220;Nous sommes d\u00e9termin\u00e9s \u00e0 travailler avec les donateurs pour mettre en place un syst\u00e8me qui nous convienne \u00e0 tous&#8221;, a d\u00e9clar\u00e9 Mina Setra, une femme autochtone Dayak Pompakng de West Kalimantan, en Indon\u00e9sie, et secr\u00e9taire g\u00e9n\u00e9rale adjointe de l&#8217;AMAN (Alliance des Peuples Autochtones de l&#8217;archipel), une organisation autochtone qui compte 2 565 communaut\u00e9s membres. &#8220;Nous pensons qu&#8217;en agissant de la sorte, nous pourrons augmenter nos contributions&#8221;.<\/p>\n<\/blockquote>\n\n<figure class=\"wp-block-gallery has-nested-images columns-default is-cropped wp-block-gallery-1 is-layout-flex wp-block-gallery-is-layout-flex\">\n<figure class=\"wp-block-image size-large\"><a href=\"https:\/\/globalalliance.me\/wp-content\/uploads\/2023\/12\/AMAN-Chapters-stage-1500x1000.jpg\"><img fetchpriority=\"high\" decoding=\"async\" width=\"1500\" height=\"1000\" data-id=\"8784\" src=\"https:\/\/globalalliance.me\/wp-content\/uploads\/2023\/12\/AMAN-Chapters-stage-1500x1000.jpg\" alt=\"Repr&#xE9;sentants autochtones de l'AMAN lors du lancement du Fonds Nusantara\" class=\"wp-image-8784\" srcset=\"https:\/\/globalalliance.me\/wp-content\/uploads\/2023\/12\/AMAN-Chapters-stage-1500x1000.jpg 1500w, https:\/\/globalalliance.me\/wp-content\/uploads\/2023\/12\/AMAN-Chapters-stage-600x400.jpg 600w, https:\/\/globalalliance.me\/wp-content\/uploads\/2023\/12\/AMAN-Chapters-stage-768x512.jpg 768w, https:\/\/globalalliance.me\/wp-content\/uploads\/2023\/12\/AMAN-Chapters-stage-1536x1024.jpg 1536w, https:\/\/globalalliance.me\/wp-content\/uploads\/2023\/12\/AMAN-Chapters-stage-2048x1365.jpg 2048w, https:\/\/globalalliance.me\/wp-content\/uploads\/2023\/12\/AMAN-Chapters-stage-705x470.jpg 705w\" sizes=\"(max-width: 1500px) 100vw, 1500px\" \/><\/a><\/figure>\n\n\n\n<figure class=\"wp-block-image size-large\"><a href=\"https:\/\/globalalliance.me\/wp-content\/uploads\/2023\/12\/Credito_TINTA-1-1500x1000.jpg\"><img decoding=\"async\" width=\"1500\" height=\"1000\" data-id=\"8788\" src=\"https:\/\/globalalliance.me\/wp-content\/uploads\/2023\/12\/Credito_TINTA-1-1500x1000.jpg\" alt=\"femmes autochtones indon&#xE9;siennes lors du lancement du Fonds Nusantara pendant la COP28\" class=\"wp-image-8788\" srcset=\"https:\/\/globalalliance.me\/wp-content\/uploads\/2023\/12\/Credito_TINTA-1-1500x1000.jpg 1500w, https:\/\/globalalliance.me\/wp-content\/uploads\/2023\/12\/Credito_TINTA-1-600x400.jpg 600w, https:\/\/globalalliance.me\/wp-content\/uploads\/2023\/12\/Credito_TINTA-1-768x512.jpg 768w, https:\/\/globalalliance.me\/wp-content\/uploads\/2023\/12\/Credito_TINTA-1-1536x1024.jpg 1536w, https:\/\/globalalliance.me\/wp-content\/uploads\/2023\/12\/Credito_TINTA-1-2048x1365.jpg 2048w, https:\/\/globalalliance.me\/wp-content\/uploads\/2023\/12\/Credito_TINTA-1-705x470.jpg 705w\" sizes=\"(max-width: 1500px) 100vw, 1500px\" \/><\/a><\/figure>\n<\/figure>\n\n<p class=\"has-small-font-size\"><em>Peuples autochtones d&#8217;Asie lors du lancement du Fonds Nusantara. Photo: TINTA <\/em><\/p>\n\n<p>Pr\u00e9sent\u00e9es aujourd&#8217;hui lors d&#8217;un \u00e9v\u00e9nement parall\u00e8le \u00e0 la COP28, les conclusions du GATC sont publi\u00e9es alors que les n\u00e9gociateurs des Nations unies sur le climat s&#8217;appr\u00eatent \u00e0 conclure un accord repr\u00e9sentant des milliers de milliards de dollars pour la mise en \u0153uvre et le financement de solutions &#8220;fond\u00e9es sur la nature&#8221; et d&#8217;autres solutions pour faire face \u00e0 la crise climatique. On estime que <a href=\"https:\/\/www.sciencedirect.com\/science\/article\/abs\/pii\/S0959378023000444\">36 %<\/a> des for\u00eats intactes restantes dans le monde, au moins <a href=\"https:\/\/rightsandresources.org\/wp-content\/uploads\/2016\/10\/Toward-a-Global-Baseline-of-Carbon-Storage-in-Collective-Lands-November-2016-RRI-WHRC-WRI-report.pdf\">24 %<\/a> du carbone a\u00e9rien des for\u00eats tropicales et jusqu&#8217;\u00e0 80 % de la biodiversit\u00e9 foresti\u00e8re restante dans le monde se trouvent sur les territoires des Peuples Autochtones.  Pourtant, <a href=\"https:\/\/unfccc.int\/sites\/default\/files\/resource\/sb2023_09_adv.pdf\">le premier bilan mondial<\/a> de la CCNUCC s&#8217;est abstenu de demander des fonds pour soutenir les droits fonciers des Peuples Autochtones et des communaut\u00e9s locales, ainsi que le r\u00f4le consid\u00e9rable qu&#8217;ils ont jou\u00e9 dans la <a href=\"https:\/\/esajournals.onlinelibrary.wiley.com\/doi\/full\/10.1002\/fee.2148\">conservation<\/a> et la <a href=\"https:\/\/www.nature.com\/articles\/s41558-023-01863-6\">restauration<\/a> des for\u00eats tropicales.<\/p>\n\n<p>En d\u00e9taillant leurs r\u00e9sultats, les auteurs du rapport du GATC ont conclu que seule une petite fraction du financement international pour la biodiversit\u00e9, le changement climatique et le d\u00e9veloppement durable est allou\u00e9e aux Peuples Autochtones et aux communaut\u00e9s locales. Lorsque les donn\u00e9es sont disponibles, ils soulignent la discrimination omnipr\u00e9sente \u00e0 laquelle sont confront\u00e9s les Peuples Autochtones et les communaut\u00e9s locales, mais aussi leur r\u00f4le crucial dans la lutte contre le changement climatique et la perte de biodiversit\u00e9, ainsi que dans la r\u00e9alisation d&#8217;un d\u00e9veloppement durable qui ne laisse personne de c\u00f4t\u00e9. <\/p>\n\n<figure class=\"wp-block-image size-large\"><img decoding=\"async\" width=\"1500\" height=\"998\" src=\"https:\/\/globalalliance.me\/wp-content\/uploads\/2023\/12\/2-1500x998.jpg\" alt=\"femme autochtone du bassin du Congo tenant des cordes, des b&#xE2;tons et une machette au milieu de la for&#xEA;t tropicale\" class=\"wp-image-8794\" srcset=\"https:\/\/globalalliance.me\/wp-content\/uploads\/2023\/12\/2-1500x998.jpg 1500w, https:\/\/globalalliance.me\/wp-content\/uploads\/2023\/12\/2-600x399.jpg 600w, https:\/\/globalalliance.me\/wp-content\/uploads\/2023\/12\/2-768x511.jpg 768w, https:\/\/globalalliance.me\/wp-content\/uploads\/2023\/12\/2-1536x1022.jpg 1536w, https:\/\/globalalliance.me\/wp-content\/uploads\/2023\/12\/2-2048x1363.jpg 2048w, https:\/\/globalalliance.me\/wp-content\/uploads\/2023\/12\/2-705x469.jpg 705w\" sizes=\"(max-width: 1500px) 100vw, 1500px\" \/><figcaption class=\"wp-element-caption\">Les peuples autochtones du bassin du Congo prot\u00e8gent la deuxi\u00e8me plus grande for\u00eat tropicale du monde.<\/figcaption><\/figure>\n\n<p>Les dirigeants des GATC affirment que les crises crois\u00e9es du changement climatique, de la perte de biodiversit\u00e9 et de l&#8217;in\u00e9galit\u00e9 font qu&#8217;il leur est difficile de maintenir un mode de vie durable et de transmettre leurs connaissances traditionnelles, leurs pratiques et leurs innovations aux g\u00e9n\u00e9rations futures. Les donn\u00e9es recueillies sur le terrain illustrent le peu d&#8217;argent qui parvient aux communaut\u00e9s. Une enqu\u00eate men\u00e9e aupr\u00e8s des membres du GATC montre que peu d&#8217;organisations locales de leurs r\u00e9seaux fonctionnent avec des budgets sup\u00e9rieurs \u00e0 200 000 dollars, et que de nombreuses organisations locales ont un budget annuel inf\u00e9rieur \u00e0 10 000 dollars. Selon le rapport du GATC, on demande aux communaut\u00e9s de faire de grandes choses avec peu d&#8217;argent.   <\/p>\n\n<p>Le double d\u00e9fi du manque d\u2019informations sur le manque de financement est repris dans un <a href=\"https:\/\/www.landportal.org\/library\/resources\/indigenous-peoples-and-local-communities-forest-tenure-pledge\">second rapport<\/a>, publi\u00e9 vendredi par le Forest Tenure Funders Group (FTFG), qui comprend des pays donateurs et des organisations philanthropiques ayant pris l\u2019engagement collectif, lors de la COP26 \u00e0 Glasgow, de fournir un total de 1,7 milliard de dollars en cinq ans directement aux peuples indig\u00e8nes et aux communaut\u00e9s locales.<\/p>\n\n<p>Le Forest Tenure Funders Group a indiqu\u00e9 que les chiffres cit\u00e9s dans le rapport de l&#8217;ann\u00e9e derni\u00e8re surestimaient le montant des fonds vers\u00e9s directement aux communaut\u00e9s ; il s&#8217;agissait en fait de 2,9 %. Alors que le montant du financement destin\u00e9 aux communaut\u00e9s a l\u00e9g\u00e8rement augment\u00e9 pour atteindre 8,1 millions de dollars en 2022, le pourcentage global des fonds directs a diminu\u00e9 pour atteindre 2,1 %, malgr\u00e9 l&#8217;engagement du groupe \u00e0 augmenter le soutien direct. <\/p>\n\n<figure class=\"wp-block-image size-full\"><img loading=\"lazy\" decoding=\"async\" width=\"1280\" height=\"853\" src=\"https:\/\/globalalliance.me\/wp-content\/uploads\/2023\/12\/Credito-aikproducoes-2.jpeg\" alt=\"Personnes autochtones du Br&#xE9;sil de la communaut&#xE9; Khisetje effectuant une danse de groupe\" class=\"wp-image-8798\" srcset=\"https:\/\/globalalliance.me\/wp-content\/uploads\/2023\/12\/Credito-aikproducoes-2.jpeg 1280w, https:\/\/globalalliance.me\/wp-content\/uploads\/2023\/12\/Credito-aikproducoes-2-600x400.jpeg 600w, https:\/\/globalalliance.me\/wp-content\/uploads\/2023\/12\/Credito-aikproducoes-2-768x512.jpeg 768w, https:\/\/globalalliance.me\/wp-content\/uploads\/2023\/12\/Credito-aikproducoes-2-705x470.jpeg 705w\" sizes=\"(max-width: 1280px) 100vw, 1280px\" \/><figcaption class=\"wp-element-caption\">Les peuples autochtones du Br\u00e9sil agissent collectivement contre les menaces juridiques qui p\u00e8sent sur leur r\u00e9gime foncier. Photo: @aikproducoes <\/figcaption><\/figure>\n\n<blockquote class=\"wp-block-quote is-layout-flow wp-block-quote-is-layout-flow\">\n<p>&#8220;Les organisations philanthropiques et les gouvernements donateurs qui ont promis 1,7 milliard de dollars \u00e0 Glasgow veulent vraiment que nous r\u00e9ussissions, mais le pourcentage que les communaut\u00e9s re\u00e7oivent dans le cadre de cette promesse est pass\u00e9 de 2,9 % la premi\u00e8re ann\u00e9e \u00e0 2,1 % la deuxi\u00e8me ann\u00e9e&#8221;, a d\u00e9clar\u00e9 Levi Sucre Romero, un dirigeant bribri du Costa Rica qui si\u00e8ge au conseil du GATC et pr\u00e9side l&#8217;Alliance m\u00e9so-am\u00e9ricaine des peuples et des for\u00eats (AMPB). &#8220;Cela signifie que nous reculons ; il devient de plus en plus \u00e9vident qu&#8217;il est difficile pour les donateurs de nous confier l&#8217;argent dont nous avons besoin pour renforcer notre r\u00f4le de gardiens&#8221;.<\/p>\n<\/blockquote>\n\n<p>Le pr\u00e9sident de la Fondation Ford, Darren Walker, qui a r\u00e9dig\u00e9 une introduction au rapport du Forest Tenure Funders Group, a reconnu le probl\u00e8me, notant que les pratiques et les priorit\u00e9s des donateurs &#8220;n&#8217;\u00e9voluent pas assez vite&#8221;.<\/p>\n\n<p>&#8220;Pour dire les choses simplement, le financement reste insuffisant, in\u00e9quitable et inflexible&#8221;, a \u00e9crit le pr\u00e9sident de la Fondation Ford dans son introduction. &#8220;En 2022, un volume inacceptable de financement &#8211; seulement 8,1 millions de dollars &#8211; a \u00e9t\u00e9 vers\u00e9 directement par les donateurs aux (Peuples Autochtones, communaut\u00e9s locales et descendants d&#8217;Africains). Je suis d\u00e9\u00e7u par la lenteur de nos progr\u00e8s sur ce point, et je sais que nos partenaires autochtones, communaut\u00e9s locales et descendants d&#8217;Africains le seront \u00e9galement.&#8221; <\/p>\n\n<h2 class=\"wp-block-heading\">Des solutions indig\u00e8nes pour corriger les syst\u00e8mes d\u00e9fectueux de fourniture de l\u2019aide<\/h2>\n\n<p>En novembre, le GATC a organis\u00e9 un atelier de deux jours qui a attir\u00e9 \u00e0 Paris 65 repr\u00e9sentants de r\u00e9seaux de Peuples Autochtones, de communaut\u00e9s locales, de donateurs nationaux, de bailleurs de fonds philanthropiques, d&#8217;agences onusiennes et multilat\u00e9rales, d&#8217;organisations de la soci\u00e9t\u00e9 civile et de chercheurs. Tenu selon les r\u00e8gles de Chatham House, l&#8217;\u00e9v\u00e9nement a contribu\u00e9 au rapport publi\u00e9 aujourd&#8217;hui par le GATC.  <\/p>\n\n<p>Les participants \u00e0 l&#8217;atelier ont convenu de la n\u00e9cessit\u00e9 de combler les lacunes syst\u00e9miques identifi\u00e9es dans le rapport et de travailler ensemble \u00e0 l&#8217;\u00e9laboration d&#8217;un meilleur syst\u00e8me de suivi, en s&#8217;appuyant sur des donn\u00e9es provenant de sources multiples, y compris les Peuples Autochtones et les communaut\u00e9s locales. Actuellement, les rapports sont bas\u00e9s sur des estimations, des m\u00e9thodologies ad hoc et des enqu\u00eates, qui sont complexes et prennent du temps, et comportent des risques importants d&#8217;erreurs de calcul, d&#8217;interpr\u00e9tation et de double comptage, selon le rapport publi\u00e9 aujourd&#8217;hui. L&#8217;objectif sera d&#8217;\u00e9laborer un plan pour rem\u00e9dier \u00e0 l&#8217;absence de r\u00e9ponses \u00e0 des questions fondamentales telles que : combien d&#8217;argent est affect\u00e9 aux Peuples Autochtones et aux communaut\u00e9s locales, dans quel but et avec quel impact.   <\/p>\n\n<figure class=\"wp-block-gallery has-nested-images columns-default is-cropped wp-block-gallery-2 is-layout-flex wp-block-gallery-is-layout-flex\">\n<figure class=\"wp-block-image size-large\"><a href=\"https:\/\/globalalliance.me\/wp-content\/uploads\/2023\/12\/MG_3272-1500x1131.jpg\"><img loading=\"lazy\" decoding=\"async\" width=\"1500\" height=\"1131\" data-id=\"8805\" src=\"https:\/\/globalalliance.me\/wp-content\/uploads\/2023\/12\/MG_3272-1500x1131.jpg\" alt=\"les participants &#xE0; un atelier sur le financement direct pour les Peuples Autochtones et les Communaut&#xE9;s Locales &#xE9;coutent attentivement un orateur\" class=\"wp-image-8805\" srcset=\"https:\/\/globalalliance.me\/wp-content\/uploads\/2023\/12\/MG_3272-1500x1131.jpg 1500w, https:\/\/globalalliance.me\/wp-content\/uploads\/2023\/12\/MG_3272-600x453.jpg 600w, https:\/\/globalalliance.me\/wp-content\/uploads\/2023\/12\/MG_3272-768x579.jpg 768w, https:\/\/globalalliance.me\/wp-content\/uploads\/2023\/12\/MG_3272-1536x1158.jpg 1536w, https:\/\/globalalliance.me\/wp-content\/uploads\/2023\/12\/MG_3272-2048x1545.jpg 2048w, https:\/\/globalalliance.me\/wp-content\/uploads\/2023\/12\/MG_3272-705x532.jpg 705w\" sizes=\"(max-width: 1500px) 100vw, 1500px\" \/><\/a><figcaption class=\"wp-element-caption\">Photo: AMPB<\/figcaption><\/figure>\n\n\n\n<figure class=\"wp-block-image size-large\"><a href=\"https:\/\/globalalliance.me\/wp-content\/uploads\/2023\/12\/RFH_8475-1.jpg\"><img loading=\"lazy\" decoding=\"async\" width=\"1498\" height=\"1000\" data-id=\"8803\" src=\"https:\/\/globalalliance.me\/wp-content\/uploads\/2023\/12\/RFH_8475-1.jpg\" alt=\"Kleber Karipuna parle dans un microphone, discutant des m&#xE9;canismes de financement direct\" class=\"wp-image-8803\" srcset=\"https:\/\/globalalliance.me\/wp-content\/uploads\/2023\/12\/RFH_8475-1.jpg 1498w, https:\/\/globalalliance.me\/wp-content\/uploads\/2023\/12\/RFH_8475-1-600x401.jpg 600w, https:\/\/globalalliance.me\/wp-content\/uploads\/2023\/12\/RFH_8475-1-768x513.jpg 768w, https:\/\/globalalliance.me\/wp-content\/uploads\/2023\/12\/RFH_8475-1-705x471.jpg 705w\" sizes=\"(max-width: 1498px) 100vw, 1498px\" \/><\/a><figcaption class=\"wp-element-caption\">Photo: GATC<\/figcaption><\/figure>\n<\/figure>\n\n<p class=\"has-small-font-size\"><em>Shandia m\u00e8ne un dialogue politique et de haut niveau pour faciliter le financement des peuples autochtones et des communaut\u00e9s locales.<\/em><\/p>\n\n<p>En faisant \u00e9tat des difficult\u00e9s qu&#8217;ils rencontrent pour obtenir des financements directs pour leurs communaut\u00e9s, les membres du GATC ont d\u00e9clar\u00e9 qu&#8217;ils \u00e9taient reconnaissants envers les ONG partenaires dont la mission s&#8217;aligne \u00e9troitement sur la leur et qui re\u00e7oivent des fonds destin\u00e9s \u00e0 soutenir les Peuples Autochtones et les communaut\u00e9s locales. <\/p>\n\n<blockquote class=\"wp-block-quote is-layout-flow wp-block-quote-is-layout-flow\">\n<p>&#8220;Il ne s&#8217;agit pas d&#8217;un argument pour retirer des fonds \u00e0 nos partenaires et alli\u00e9s les plus proches&#8221;, note le rapport du GATC, &#8220;mais cela souligne le besoin imm\u00e9diat d&#8217;augmenter le financement de nos organisations afin de cr\u00e9er des conditions de concurrence \u00e9quitables&#8221;.<\/p>\n<\/blockquote>\n\n<p>Les efforts de collecte de donn\u00e9es pour le rapport du GATC ont r\u00e9v\u00e9l\u00e9 que les Peuples Autochtones et les communaut\u00e9s locales restent souvent exclus des discussions sur le financement de leurs propres territoires et organisations. Les syst\u00e8mes mondiaux de notification de l&#8217;aide au d\u00e9veloppement mis en place par l&#8217;Organisation de coop\u00e9ration et de d\u00e9veloppement \u00e9conomiques (OCDE) et l&#8217;Initiative internationale pour la transparence de l&#8217;aide (IITA) n&#8217;ont pas non plus permis de suivre l&#8217;\u00e9volution du financement des Peuples Autochtones et des communaut\u00e9s locales.  <\/p>\n\n<p>&#8220;Il est urgent d&#8217;inverser la tendance, mais les progr\u00e8s sont terriblement lents&#8221;, a d\u00e9clar\u00e9 Lord Goldsmith, qui \u00e9tait ministre des affaires \u00e9trang\u00e8res, du Commonwealth et du d\u00e9veloppement au sein du gouvernement britannique lorsqu&#8217;il s&#8217;est joint \u00e0 d&#8217;autres donateurs de premier plan pour prendre cet engagement \u00e0 Glasgow. &#8220;L&#8217;argent semble souvent s&#8217;\u00e9vaporer dans des transactions complexes \u00e0 travers de nombreux niveaux d&#8217;institutions multilat\u00e9rales, ce qui fait craindre que trop peu de choses soient faites pour soutenir la qu\u00eate des Peuples Autochtones et des communaut\u00e9s locales pour leurs droits fonciers en tant que solution au probl\u00e8me du climat&#8221;. <\/p>\n\n<figure class=\"wp-block-image size-large\"><img loading=\"lazy\" decoding=\"async\" width=\"1500\" height=\"898\" src=\"https:\/\/globalalliance.me\/wp-content\/uploads\/2023\/12\/DSC04930-1-1500x898.jpg\" alt=\"Balkisou Buba, Vice-coordinatrice nationale du REPALEAC Cameroun, v&#xEA;tue d'une tunique rouge &#xE0; motifs dor&#xE9;s, s'exprimant dans un microphone\" class=\"wp-image-8813\" srcset=\"https:\/\/globalalliance.me\/wp-content\/uploads\/2023\/12\/DSC04930-1-1500x898.jpg 1500w, https:\/\/globalalliance.me\/wp-content\/uploads\/2023\/12\/DSC04930-1-600x359.jpg 600w, https:\/\/globalalliance.me\/wp-content\/uploads\/2023\/12\/DSC04930-1-768x460.jpg 768w, https:\/\/globalalliance.me\/wp-content\/uploads\/2023\/12\/DSC04930-1-1536x919.jpg 1536w, https:\/\/globalalliance.me\/wp-content\/uploads\/2023\/12\/DSC04930-1-2048x1225.jpg 2048w, https:\/\/globalalliance.me\/wp-content\/uploads\/2023\/12\/DSC04930-1-705x422.jpg 705w\" sizes=\"(max-width: 1500px) 100vw, 1500px\" \/><figcaption class=\"wp-element-caption\">Shandia &#8211; notre financement pour le financement direct &#8211; pr\u00e9sentation lors de la semaine climatique de New York.<\/figcaption><\/figure>\n\n<p>Face \u00e0 cette situation, les dirigeants d&#8217;organisations repr\u00e9sentant des milliers de Peuples Autochtones et de communaut\u00e9s locales du monde entier ont cr\u00e9\u00e9 des fonds et d&#8217;autres m\u00e9canismes permettant d&#8217;acheminer directement les fonds vers les communaut\u00e9s.<\/p>\n\n<p>Selon le rapport du GATC, ces fonds soutiennent les activit\u00e9s des communaut\u00e9s, tout en aidant \u00e0 renforcer les capacit\u00e9s techniques et \u00e0 d\u00e9velopper des indicateurs et des priorit\u00e9s qui conviennent aux communaut\u00e9s et les aident \u00e0 mesurer et \u00e0 rendre compte de l&#8217;impact. &#8220;Leur conception repose sur des consultations approfondies afin de s&#8217;aligner sur les priorit\u00e9s et les plans des communaut\u00e9s et de r\u00e9pondre rapidement aux urgences et \u00e0 l&#8217;\u00e9volution des situations sur le terrain&#8221;, \u00e9crivent les auteurs. <\/p>\n\n<figure class=\"wp-block-image size-large\"><img loading=\"lazy\" decoding=\"async\" width=\"1500\" height=\"1000\" src=\"https:\/\/globalalliance.me\/wp-content\/uploads\/2023\/12\/credito-If-Not-Us-Then-Who-2-1500x1000.jpg\" alt=\"trois personnes cueillant des feuilles dans un environnement agricole\" class=\"wp-image-8818\" srcset=\"https:\/\/globalalliance.me\/wp-content\/uploads\/2023\/12\/credito-If-Not-Us-Then-Who-2-1500x1000.jpg 1500w, https:\/\/globalalliance.me\/wp-content\/uploads\/2023\/12\/credito-If-Not-Us-Then-Who-2-600x400.jpg 600w, https:\/\/globalalliance.me\/wp-content\/uploads\/2023\/12\/credito-If-Not-Us-Then-Who-2-768x512.jpg 768w, https:\/\/globalalliance.me\/wp-content\/uploads\/2023\/12\/credito-If-Not-Us-Then-Who-2-1536x1024.jpg 1536w, https:\/\/globalalliance.me\/wp-content\/uploads\/2023\/12\/credito-If-Not-Us-Then-Who-2-2048x1365.jpg 2048w, https:\/\/globalalliance.me\/wp-content\/uploads\/2023\/12\/credito-If-Not-Us-Then-Who-2-705x470.jpg 705w\" sizes=\"(max-width: 1500px) 100vw, 1500px\" \/><figcaption class=\"wp-element-caption\">Nos communaut\u00e9s proposent des solutions sur le terrain pour pr\u00e9server les for\u00eats et la biodiversit\u00e9. Photo: If Not Us Then Who <\/figcaption><\/figure>\n\n<p>Afin d&#8217;encourager une plus grande transparence sur la destination des fonds, le GATC a cr\u00e9\u00e9 la plateforme Shandia pour soutenir les fonds g\u00e9r\u00e9s par les autochtones et les communaut\u00e9s, pour plaider en faveur d&#8217;un financement plus direct, efficace et durable, et pour assurer un suivi pr\u00e9cis des fonds. <\/p>\n\n<blockquote class=\"wp-block-quote is-layout-flow wp-block-quote-is-layout-flow\">\n<p>&#8220;Le besoin d&#8217;un v\u00e9hicule qui puisse nous aider \u00e0 interagir avec les bailleurs de fonds reste une question cruciale pour notre objectif d&#8217;investissement direct territorial&#8221;, a d\u00e9clar\u00e9 Sucre Romero. &#8220;C&#8217;est pourquoi nous avons propos\u00e9 la plateforme Shandia et cr\u00e9\u00e9 plusieurs m\u00e9canismes de financement au niveau national et r\u00e9gional afin de faciliter le financement direct de nos territoires et de nos communaut\u00e9s pour des actions de lutte contre le changement climatique, de conservation de la biodiversit\u00e9 et de maintien de nos droits. Sans cela, nous n&#8217;aurons pas la possibilit\u00e9 d&#8217;\u00eatre aux commandes de la conception de solutions climatiques efficaces ; nous ne pourrons pas influencer ce que ces donateurs financent et o\u00f9.&#8221; <\/p>\n<\/blockquote>\n","protected":false},"excerpt":{"rendered":"<p>Alors que les n\u00e9gociateurs de l\u2019ONU d\u00e9battent de la mani\u00e8re d\u2019investir des milliers de milliards, les exp\u00e9riences et les preuves pr\u00e9sent\u00e9es \u00e0 Duba\u00ef sugg\u00e8rent que les fonds achemin\u00e9s par l\u2019interm\u00e9diaire de tierces parties \u201cs\u2019\u00e9vaporent\u201d avant d\u2019atteindre les communaut\u00e9s, qui se sont r\u00e9v\u00e9l\u00e9es excellentes dans la restauration des for\u00eats et la pr\u00e9vention de la d\u00e9forestation.<\/p>\n","protected":false},"author":2,"featured_media":8806,"comment_status":"closed","ping_status":"closed","sticky":false,"template":"","format":"standard","meta":{"cybocfi_hide_featured_image":"","footnotes":"","_links_to":"","_links_to_target":""},"categories":[42],"tags":[],"class_list":["post-8845","post","type-post","status-publish","format-standard","has-post-thumbnail","hentry","category-nouvelles"],"yoast_head":"<!-- This site is optimized with the Yoast SEO plugin v27.5 - https:\/\/yoast.com\/product\/yoast-seo-wordpress\/ -->\n<title>Donateurs peinent \u00e0 fournir les fonds climatiques aux Peuples Autochtones - Global Alliance of Territorial Communities<\/title>\n<meta name=\"robots\" content=\"index, follow, max-snippet:-1, max-image-preview:large, max-video-preview:-1\" \/>\n<link rel=\"canonical\" href=\"https:\/\/globalalliance.me\/fr\/donateurs-peinent-a-fournir-les-fonds-climatiques-aux-peuples-autochtones\/\" \/>\n<meta property=\"og:locale\" content=\"fr_FR\" \/>\n<meta property=\"og:type\" content=\"article\" \/>\n<meta property=\"og:title\" content=\"Donateurs peinent \u00e0 fournir les fonds climatiques aux Peuples Autochtones - Global Alliance of Territorial Communities\" \/>\n<meta property=\"og:description\" content=\"Alors que les n\u00e9gociateurs de l\u2019ONU d\u00e9battent de la mani\u00e8re d\u2019investir des milliers de milliards, les exp\u00e9riences et les preuves pr\u00e9sent\u00e9es \u00e0 Duba\u00ef sugg\u00e8rent que les fonds achemin\u00e9s par l\u2019interm\u00e9diaire de tierces parties \u201cs\u2019\u00e9vaporent\u201d avant d\u2019atteindre les communaut\u00e9s, qui se sont r\u00e9v\u00e9l\u00e9es excellentes dans la restauration des for\u00eats et la pr\u00e9vention de la d\u00e9forestation.\" \/>\n<meta property=\"og:url\" content=\"https:\/\/globalalliance.me\/fr\/donateurs-peinent-a-fournir-les-fonds-climatiques-aux-peuples-autochtones\/\" \/>\n<meta property=\"og:site_name\" content=\"Global Alliance of Territorial Communities\" \/>\n<meta property=\"article:published_time\" content=\"2023-12-05T07:11:38+00:00\" \/>\n<meta property=\"article:modified_time\" content=\"2025-04-01T22:37:51+00:00\" \/>\n<meta property=\"og:image\" content=\"https:\/\/globalalliance.me\/wp-content\/uploads\/2023\/12\/MG_3272.jpg\" \/>\n\t<meta property=\"og:image:width\" content=\"2400\" \/>\n\t<meta property=\"og:image:height\" content=\"1810\" \/>\n\t<meta property=\"og:image:type\" content=\"image\/jpeg\" \/>\n<meta name=\"author\" content=\"GATC\" \/>\n<meta name=\"twitter:card\" content=\"summary_large_image\" \/>\n<meta name=\"twitter:label1\" content=\"\u00c9crit par\" \/>\n\t<meta name=\"twitter:data1\" content=\"GATC\" \/>\n\t<meta name=\"twitter:label2\" content=\"Dur\u00e9e de lecture estim\u00e9e\" \/>\n\t<meta name=\"twitter:data2\" content=\"10 minutes\" \/>\n<script type=\"application\/ld+json\" class=\"yoast-schema-graph\">{\"@context\":\"https:\\\/\\\/schema.org\",\"@graph\":[{\"@type\":\"Article\",\"@id\":\"https:\\\/\\\/globalalliance.me\\\/fr\\\/donateurs-peinent-a-fournir-les-fonds-climatiques-aux-peuples-autochtones\\\/#article\",\"isPartOf\":{\"@id\":\"https:\\\/\\\/globalalliance.me\\\/fr\\\/donateurs-peinent-a-fournir-les-fonds-climatiques-aux-peuples-autochtones\\\/\"},\"author\":{\"name\":\"GATC\",\"@id\":\"https:\\\/\\\/globalalliance.me\\\/fr\\\/#\\\/schema\\\/person\\\/fce30f8bdf780bd712e18e1d4239aebc\"},\"headline\":\"Donateurs peinent \u00e0 fournir les fonds climatiques aux Peuples Autochtones\",\"datePublished\":\"2023-12-05T07:11:38+00:00\",\"dateModified\":\"2025-04-01T22:37:51+00:00\",\"mainEntityOfPage\":{\"@id\":\"https:\\\/\\\/globalalliance.me\\\/fr\\\/donateurs-peinent-a-fournir-les-fonds-climatiques-aux-peuples-autochtones\\\/\"},\"wordCount\":2181,\"image\":{\"@id\":\"https:\\\/\\\/globalalliance.me\\\/fr\\\/donateurs-peinent-a-fournir-les-fonds-climatiques-aux-peuples-autochtones\\\/#primaryimage\"},\"thumbnailUrl\":\"https:\\\/\\\/globalalliance.me\\\/wp-content\\\/uploads\\\/2023\\\/12\\\/MG_3272.jpg\",\"articleSection\":[\"Nouvelles\"],\"inLanguage\":\"fr-FR\"},{\"@type\":\"WebPage\",\"@id\":\"https:\\\/\\\/globalalliance.me\\\/fr\\\/donateurs-peinent-a-fournir-les-fonds-climatiques-aux-peuples-autochtones\\\/\",\"url\":\"https:\\\/\\\/globalalliance.me\\\/fr\\\/donateurs-peinent-a-fournir-les-fonds-climatiques-aux-peuples-autochtones\\\/\",\"name\":\"Donateurs peinent \u00e0 fournir les fonds climatiques aux Peuples Autochtones - Global Alliance of Territorial Communities\",\"isPartOf\":{\"@id\":\"https:\\\/\\\/globalalliance.me\\\/fr\\\/#website\"},\"primaryImageOfPage\":{\"@id\":\"https:\\\/\\\/globalalliance.me\\\/fr\\\/donateurs-peinent-a-fournir-les-fonds-climatiques-aux-peuples-autochtones\\\/#primaryimage\"},\"image\":{\"@id\":\"https:\\\/\\\/globalalliance.me\\\/fr\\\/donateurs-peinent-a-fournir-les-fonds-climatiques-aux-peuples-autochtones\\\/#primaryimage\"},\"thumbnailUrl\":\"https:\\\/\\\/globalalliance.me\\\/wp-content\\\/uploads\\\/2023\\\/12\\\/MG_3272.jpg\",\"datePublished\":\"2023-12-05T07:11:38+00:00\",\"dateModified\":\"2025-04-01T22:37:51+00:00\",\"author\":{\"@id\":\"https:\\\/\\\/globalalliance.me\\\/fr\\\/#\\\/schema\\\/person\\\/fce30f8bdf780bd712e18e1d4239aebc\"},\"breadcrumb\":{\"@id\":\"https:\\\/\\\/globalalliance.me\\\/fr\\\/donateurs-peinent-a-fournir-les-fonds-climatiques-aux-peuples-autochtones\\\/#breadcrumb\"},\"inLanguage\":\"fr-FR\",\"potentialAction\":[{\"@type\":\"ReadAction\",\"target\":[\"https:\\\/\\\/globalalliance.me\\\/fr\\\/donateurs-peinent-a-fournir-les-fonds-climatiques-aux-peuples-autochtones\\\/\"]}]},{\"@type\":\"ImageObject\",\"inLanguage\":\"fr-FR\",\"@id\":\"https:\\\/\\\/globalalliance.me\\\/fr\\\/donateurs-peinent-a-fournir-les-fonds-climatiques-aux-peuples-autochtones\\\/#primaryimage\",\"url\":\"https:\\\/\\\/globalalliance.me\\\/wp-content\\\/uploads\\\/2023\\\/12\\\/MG_3272.jpg\",\"contentUrl\":\"https:\\\/\\\/globalalliance.me\\\/wp-content\\\/uploads\\\/2023\\\/12\\\/MG_3272.jpg\",\"width\":2400,\"height\":1810,\"caption\":\"les participants \u00e0 un atelier sur le financement direct pour les Peuples Autochtones et les Communaut\u00e9s Locales \u00e9coutent attentivement un orateur\"},{\"@type\":\"BreadcrumbList\",\"@id\":\"https:\\\/\\\/globalalliance.me\\\/fr\\\/donateurs-peinent-a-fournir-les-fonds-climatiques-aux-peuples-autochtones\\\/#breadcrumb\",\"itemListElement\":[{\"@type\":\"ListItem\",\"position\":1,\"name\":\"Home\",\"item\":\"https:\\\/\\\/globalalliance.me\\\/fr\\\/accueil\\\/\"},{\"@type\":\"ListItem\",\"position\":2,\"name\":\"Donateurs peinent \u00e0 fournir les fonds climatiques aux Peuples Autochtones\"}]},{\"@type\":\"WebSite\",\"@id\":\"https:\\\/\\\/globalalliance.me\\\/fr\\\/#website\",\"url\":\"https:\\\/\\\/globalalliance.me\\\/fr\\\/\",\"name\":\"Global Alliance of Territorial Communities\",\"description\":\"We Are the Best Guardians of the Forest\",\"potentialAction\":[{\"@type\":\"SearchAction\",\"target\":{\"@type\":\"EntryPoint\",\"urlTemplate\":\"https:\\\/\\\/globalalliance.me\\\/fr\\\/?s={search_term_string}\"},\"query-input\":{\"@type\":\"PropertyValueSpecification\",\"valueRequired\":true,\"valueName\":\"search_term_string\"}}],\"inLanguage\":\"fr-FR\"},{\"@type\":\"Person\",\"@id\":\"https:\\\/\\\/globalalliance.me\\\/fr\\\/#\\\/schema\\\/person\\\/fce30f8bdf780bd712e18e1d4239aebc\",\"name\":\"GATC\",\"image\":{\"@type\":\"ImageObject\",\"inLanguage\":\"fr-FR\",\"@id\":\"https:\\\/\\\/secure.gravatar.com\\\/avatar\\\/e66da5702538a463148fac7299f33add18be6ea677862f8692689faad1602816?s=96&d=mm&r=g\",\"url\":\"https:\\\/\\\/secure.gravatar.com\\\/avatar\\\/e66da5702538a463148fac7299f33add18be6ea677862f8692689faad1602816?s=96&d=mm&r=g\",\"contentUrl\":\"https:\\\/\\\/secure.gravatar.com\\\/avatar\\\/e66da5702538a463148fac7299f33add18be6ea677862f8692689faad1602816?s=96&d=mm&r=g\",\"caption\":\"GATC\"},\"url\":\"https:\\\/\\\/globalalliance.me\\\/fr\\\/author\\\/skygoodwebworks-com\\\/\"}]}<\/script>\n<!-- \/ Yoast SEO plugin. -->","yoast_head_json":{"title":"Donateurs peinent \u00e0 fournir les fonds climatiques aux Peuples Autochtones - Global Alliance of Territorial Communities","robots":{"index":"index","follow":"follow","max-snippet":"max-snippet:-1","max-image-preview":"max-image-preview:large","max-video-preview":"max-video-preview:-1"},"canonical":"https:\/\/globalalliance.me\/fr\/donateurs-peinent-a-fournir-les-fonds-climatiques-aux-peuples-autochtones\/","og_locale":"fr_FR","og_type":"article","og_title":"Donateurs peinent \u00e0 fournir les fonds climatiques aux Peuples Autochtones - Global Alliance of Territorial Communities","og_description":"Alors que les n\u00e9gociateurs de l\u2019ONU d\u00e9battent de la mani\u00e8re d\u2019investir des milliers de milliards, les exp\u00e9riences et les preuves pr\u00e9sent\u00e9es \u00e0 Duba\u00ef sugg\u00e8rent que les fonds achemin\u00e9s par l\u2019interm\u00e9diaire de tierces parties \u201cs\u2019\u00e9vaporent\u201d avant d\u2019atteindre les communaut\u00e9s, qui se sont r\u00e9v\u00e9l\u00e9es excellentes dans la restauration des for\u00eats et la pr\u00e9vention de la d\u00e9forestation.","og_url":"https:\/\/globalalliance.me\/fr\/donateurs-peinent-a-fournir-les-fonds-climatiques-aux-peuples-autochtones\/","og_site_name":"Global Alliance of Territorial Communities","article_published_time":"2023-12-05T07:11:38+00:00","article_modified_time":"2025-04-01T22:37:51+00:00","og_image":[{"width":2400,"height":1810,"url":"https:\/\/globalalliance.me\/wp-content\/uploads\/2023\/12\/MG_3272.jpg","type":"image\/jpeg"}],"author":"GATC","twitter_card":"summary_large_image","twitter_misc":{"\u00c9crit par":"GATC","Dur\u00e9e de lecture estim\u00e9e":"10 minutes"},"schema":{"@context":"https:\/\/schema.org","@graph":[{"@type":"Article","@id":"https:\/\/globalalliance.me\/fr\/donateurs-peinent-a-fournir-les-fonds-climatiques-aux-peuples-autochtones\/#article","isPartOf":{"@id":"https:\/\/globalalliance.me\/fr\/donateurs-peinent-a-fournir-les-fonds-climatiques-aux-peuples-autochtones\/"},"author":{"name":"GATC","@id":"https:\/\/globalalliance.me\/fr\/#\/schema\/person\/fce30f8bdf780bd712e18e1d4239aebc"},"headline":"Donateurs peinent \u00e0 fournir les fonds climatiques aux Peuples Autochtones","datePublished":"2023-12-05T07:11:38+00:00","dateModified":"2025-04-01T22:37:51+00:00","mainEntityOfPage":{"@id":"https:\/\/globalalliance.me\/fr\/donateurs-peinent-a-fournir-les-fonds-climatiques-aux-peuples-autochtones\/"},"wordCount":2181,"image":{"@id":"https:\/\/globalalliance.me\/fr\/donateurs-peinent-a-fournir-les-fonds-climatiques-aux-peuples-autochtones\/#primaryimage"},"thumbnailUrl":"https:\/\/globalalliance.me\/wp-content\/uploads\/2023\/12\/MG_3272.jpg","articleSection":["Nouvelles"],"inLanguage":"fr-FR"},{"@type":"WebPage","@id":"https:\/\/globalalliance.me\/fr\/donateurs-peinent-a-fournir-les-fonds-climatiques-aux-peuples-autochtones\/","url":"https:\/\/globalalliance.me\/fr\/donateurs-peinent-a-fournir-les-fonds-climatiques-aux-peuples-autochtones\/","name":"Donateurs peinent \u00e0 fournir les fonds climatiques aux Peuples Autochtones - Global Alliance of Territorial Communities","isPartOf":{"@id":"https:\/\/globalalliance.me\/fr\/#website"},"primaryImageOfPage":{"@id":"https:\/\/globalalliance.me\/fr\/donateurs-peinent-a-fournir-les-fonds-climatiques-aux-peuples-autochtones\/#primaryimage"},"image":{"@id":"https:\/\/globalalliance.me\/fr\/donateurs-peinent-a-fournir-les-fonds-climatiques-aux-peuples-autochtones\/#primaryimage"},"thumbnailUrl":"https:\/\/globalalliance.me\/wp-content\/uploads\/2023\/12\/MG_3272.jpg","datePublished":"2023-12-05T07:11:38+00:00","dateModified":"2025-04-01T22:37:51+00:00","author":{"@id":"https:\/\/globalalliance.me\/fr\/#\/schema\/person\/fce30f8bdf780bd712e18e1d4239aebc"},"breadcrumb":{"@id":"https:\/\/globalalliance.me\/fr\/donateurs-peinent-a-fournir-les-fonds-climatiques-aux-peuples-autochtones\/#breadcrumb"},"inLanguage":"fr-FR","potentialAction":[{"@type":"ReadAction","target":["https:\/\/globalalliance.me\/fr\/donateurs-peinent-a-fournir-les-fonds-climatiques-aux-peuples-autochtones\/"]}]},{"@type":"ImageObject","inLanguage":"fr-FR","@id":"https:\/\/globalalliance.me\/fr\/donateurs-peinent-a-fournir-les-fonds-climatiques-aux-peuples-autochtones\/#primaryimage","url":"https:\/\/globalalliance.me\/wp-content\/uploads\/2023\/12\/MG_3272.jpg","contentUrl":"https:\/\/globalalliance.me\/wp-content\/uploads\/2023\/12\/MG_3272.jpg","width":2400,"height":1810,"caption":"les participants \u00e0 un atelier sur le financement direct pour les Peuples Autochtones et les Communaut\u00e9s Locales \u00e9coutent attentivement un orateur"},{"@type":"BreadcrumbList","@id":"https:\/\/globalalliance.me\/fr\/donateurs-peinent-a-fournir-les-fonds-climatiques-aux-peuples-autochtones\/#breadcrumb","itemListElement":[{"@type":"ListItem","position":1,"name":"Home","item":"https:\/\/globalalliance.me\/fr\/accueil\/"},{"@type":"ListItem","position":2,"name":"Donateurs peinent \u00e0 fournir les fonds climatiques aux Peuples Autochtones"}]},{"@type":"WebSite","@id":"https:\/\/globalalliance.me\/fr\/#website","url":"https:\/\/globalalliance.me\/fr\/","name":"Global Alliance of Territorial Communities","description":"We Are the Best Guardians of the Forest","potentialAction":[{"@type":"SearchAction","target":{"@type":"EntryPoint","urlTemplate":"https:\/\/globalalliance.me\/fr\/?s={search_term_string}"},"query-input":{"@type":"PropertyValueSpecification","valueRequired":true,"valueName":"search_term_string"}}],"inLanguage":"fr-FR"},{"@type":"Person","@id":"https:\/\/globalalliance.me\/fr\/#\/schema\/person\/fce30f8bdf780bd712e18e1d4239aebc","name":"GATC","image":{"@type":"ImageObject","inLanguage":"fr-FR","@id":"https:\/\/secure.gravatar.com\/avatar\/e66da5702538a463148fac7299f33add18be6ea677862f8692689faad1602816?s=96&d=mm&r=g","url":"https:\/\/secure.gravatar.com\/avatar\/e66da5702538a463148fac7299f33add18be6ea677862f8692689faad1602816?s=96&d=mm&r=g","contentUrl":"https:\/\/secure.gravatar.com\/avatar\/e66da5702538a463148fac7299f33add18be6ea677862f8692689faad1602816?s=96&d=mm&r=g","caption":"GATC"},"url":"https:\/\/globalalliance.me\/fr\/author\/skygoodwebworks-com\/"}]}},"_links":{"self":[{"href":"https:\/\/globalalliance.me\/fr\/wp-json\/wp\/v2\/posts\/8845","targetHints":{"allow":["GET"]}}],"collection":[{"href":"https:\/\/globalalliance.me\/fr\/wp-json\/wp\/v2\/posts"}],"about":[{"href":"https:\/\/globalalliance.me\/fr\/wp-json\/wp\/v2\/types\/post"}],"author":[{"embeddable":true,"href":"https:\/\/globalalliance.me\/fr\/wp-json\/wp\/v2\/users\/2"}],"replies":[{"embeddable":true,"href":"https:\/\/globalalliance.me\/fr\/wp-json\/wp\/v2\/comments?post=8845"}],"version-history":[{"count":0,"href":"https:\/\/globalalliance.me\/fr\/wp-json\/wp\/v2\/posts\/8845\/revisions"}],"wp:featuredmedia":[{"embeddable":true,"href":"https:\/\/globalalliance.me\/fr\/wp-json\/wp\/v2\/media\/8806"}],"wp:attachment":[{"href":"https:\/\/globalalliance.me\/fr\/wp-json\/wp\/v2\/media?parent=8845"}],"wp:term":[{"taxonomy":"category","embeddable":true,"href":"https:\/\/globalalliance.me\/fr\/wp-json\/wp\/v2\/categories?post=8845"},{"taxonomy":"post_tag","embeddable":true,"href":"https:\/\/globalalliance.me\/fr\/wp-json\/wp\/v2\/tags?post=8845"}],"curies":[{"name":"wp","href":"https:\/\/api.w.org\/{rel}","templated":true}]}}