{"id":17262,"date":"2025-06-10T18:43:00","date_gmt":"2025-06-10T18:43:00","guid":{"rendered":"https:\/\/globalalliance.me\/declaracao-de-brazzaville\/"},"modified":"2025-09-19T01:33:40","modified_gmt":"2025-09-19T01:33:40","slug":"declaracao-de-brazzaville","status":"publish","type":"post","link":"https:\/\/globalalliance.me\/pt-br\/declaracao-de-brazzaville\/","title":{"rendered":"Declara\u00e7\u00e3o de Brazzaville"},"content":{"rendered":"\n<h2 class=\"wp-block-heading\">Nosso Compromisso com os Povos, Nossos Territ\u00f3rios, o Planeta e a Parceria: Um Caminho Unificado para a COP30 e Al\u00e9m<\/h2>\n\n<p>De 26 a 30 de maio de 2025, n\u00f3s, Povos Ind\u00edgenas e Comunidades Locais das principais bacias florestais tropicais do mundo, reunimo-nos em Brazzaville, Rep\u00fablica do Congo, para o Primeiro Congresso Global dos Povos Ind\u00edgenas e Comunidades Locais das Bacias Florestais.<\/p>\n\n<p>Enraizados na sabedoria de nossos ancestrais e na for\u00e7a de nossos territ\u00f3rios, reunimo-nos para construir uma voz comum e uma vis\u00e3o compartilhada para o futuro. O resultado \u00e9 esta declara\u00e7\u00e3o &#8211; um documento vivo de nossos compromissos, nossas demandas e nossas solu\u00e7\u00f5es diante das crises clim\u00e1ticas e de biodiversidade globais. <\/p>\n\n<figure class=\"wp-block-gallery has-nested-images columns-2 is-cropped wp-block-gallery-1 is-layout-flex wp-block-gallery-is-layout-flex\">\n<figure class=\"wp-block-image size-full\"><a href=\"https:\/\/globalalliance.me\/wp-content\/uploads\/2025\/06\/Brazzaville-Declaration-banners-people-on-stage-med.jpg\"><img fetchpriority=\"high\" decoding=\"async\" width=\"2400\" height=\"1600\" data-id=\"16785\" src=\"https:\/\/globalalliance.me\/wp-content\/uploads\/2025\/06\/Brazzaville-Declaration-banners-people-on-stage-med.jpg\" alt=\"\" class=\"wp-image-16785\" srcset=\"https:\/\/globalalliance.me\/wp-content\/uploads\/2025\/06\/Brazzaville-Declaration-banners-people-on-stage-med.jpg 2400w, https:\/\/globalalliance.me\/wp-content\/uploads\/2025\/06\/Brazzaville-Declaration-banners-people-on-stage-med-600x400.jpg 600w, https:\/\/globalalliance.me\/wp-content\/uploads\/2025\/06\/Brazzaville-Declaration-banners-people-on-stage-med-1500x1000.jpg 1500w, https:\/\/globalalliance.me\/wp-content\/uploads\/2025\/06\/Brazzaville-Declaration-banners-people-on-stage-med-768x512.jpg 768w, https:\/\/globalalliance.me\/wp-content\/uploads\/2025\/06\/Brazzaville-Declaration-banners-people-on-stage-med-1536x1024.jpg 1536w, https:\/\/globalalliance.me\/wp-content\/uploads\/2025\/06\/Brazzaville-Declaration-banners-people-on-stage-med-2048x1365.jpg 2048w, https:\/\/globalalliance.me\/wp-content\/uploads\/2025\/06\/Brazzaville-Declaration-banners-people-on-stage-med-705x470.jpg 705w\" sizes=\"(max-width: 2400px) 100vw, 2400px\" \/><\/a><figcaption class=\"wp-element-caption\">Foto: @tukuma_pataxo<\/figcaption><\/figure>\n\n\n\n<figure class=\"wp-block-image size-full\"><a href=\"https:\/\/globalalliance.me\/wp-content\/uploads\/2025\/06\/Brazzaville-Declaration-dancing-photoshoot-on-stage.jpg\"><img decoding=\"async\" width=\"2400\" height=\"1600\" data-id=\"16790\" src=\"https:\/\/globalalliance.me\/wp-content\/uploads\/2025\/06\/Brazzaville-Declaration-dancing-photoshoot-on-stage.jpg\" alt=\"\" class=\"wp-image-16790\" srcset=\"https:\/\/globalalliance.me\/wp-content\/uploads\/2025\/06\/Brazzaville-Declaration-dancing-photoshoot-on-stage.jpg 2400w, https:\/\/globalalliance.me\/wp-content\/uploads\/2025\/06\/Brazzaville-Declaration-dancing-photoshoot-on-stage-600x400.jpg 600w, https:\/\/globalalliance.me\/wp-content\/uploads\/2025\/06\/Brazzaville-Declaration-dancing-photoshoot-on-stage-1500x1000.jpg 1500w, https:\/\/globalalliance.me\/wp-content\/uploads\/2025\/06\/Brazzaville-Declaration-dancing-photoshoot-on-stage-768x512.jpg 768w, https:\/\/globalalliance.me\/wp-content\/uploads\/2025\/06\/Brazzaville-Declaration-dancing-photoshoot-on-stage-1536x1024.jpg 1536w, https:\/\/globalalliance.me\/wp-content\/uploads\/2025\/06\/Brazzaville-Declaration-dancing-photoshoot-on-stage-2048x1365.jpg 2048w, https:\/\/globalalliance.me\/wp-content\/uploads\/2025\/06\/Brazzaville-Declaration-dancing-photoshoot-on-stage-705x470.jpg 705w\" sizes=\"(max-width: 2400px) 100vw, 2400px\" \/><\/a><figcaption class=\"wp-element-caption\">Foto: @tukuma_pataxo<\/figcaption><\/figure>\n\n\n\n<figure class=\"wp-block-image size-full\"><a href=\"https:\/\/globalalliance.me\/wp-content\/uploads\/2025\/06\/Brazzaville-Declaration-discussion-on-stage.jpg\"><img decoding=\"async\" width=\"2400\" height=\"1600\" data-id=\"16795\" src=\"https:\/\/globalalliance.me\/wp-content\/uploads\/2025\/06\/Brazzaville-Declaration-discussion-on-stage.jpg\" alt=\"\" class=\"wp-image-16795\" srcset=\"https:\/\/globalalliance.me\/wp-content\/uploads\/2025\/06\/Brazzaville-Declaration-discussion-on-stage.jpg 2400w, https:\/\/globalalliance.me\/wp-content\/uploads\/2025\/06\/Brazzaville-Declaration-discussion-on-stage-600x400.jpg 600w, https:\/\/globalalliance.me\/wp-content\/uploads\/2025\/06\/Brazzaville-Declaration-discussion-on-stage-1500x1000.jpg 1500w, https:\/\/globalalliance.me\/wp-content\/uploads\/2025\/06\/Brazzaville-Declaration-discussion-on-stage-768x512.jpg 768w, https:\/\/globalalliance.me\/wp-content\/uploads\/2025\/06\/Brazzaville-Declaration-discussion-on-stage-1536x1024.jpg 1536w, https:\/\/globalalliance.me\/wp-content\/uploads\/2025\/06\/Brazzaville-Declaration-discussion-on-stage-2048x1365.jpg 2048w, https:\/\/globalalliance.me\/wp-content\/uploads\/2025\/06\/Brazzaville-Declaration-discussion-on-stage-705x470.jpg 705w\" sizes=\"(max-width: 2400px) 100vw, 2400px\" \/><\/a><figcaption class=\"wp-element-caption\">Foto: @Norlando Meza<\/figcaption><\/figure>\n\n\n\n<figure class=\"wp-block-image size-full\"><a href=\"https:\/\/globalalliance.me\/wp-content\/uploads\/2025\/06\/Brazzaville-Declaration-three-indigenous-representatives-event-display.jpg\"><img loading=\"lazy\" decoding=\"async\" width=\"2400\" height=\"1600\" data-id=\"16800\" src=\"https:\/\/globalalliance.me\/wp-content\/uploads\/2025\/06\/Brazzaville-Declaration-three-indigenous-representatives-event-display.jpg\" alt=\"\" class=\"wp-image-16800\" srcset=\"https:\/\/globalalliance.me\/wp-content\/uploads\/2025\/06\/Brazzaville-Declaration-three-indigenous-representatives-event-display.jpg 2400w, https:\/\/globalalliance.me\/wp-content\/uploads\/2025\/06\/Brazzaville-Declaration-three-indigenous-representatives-event-display-600x400.jpg 600w, https:\/\/globalalliance.me\/wp-content\/uploads\/2025\/06\/Brazzaville-Declaration-three-indigenous-representatives-event-display-1500x1000.jpg 1500w, https:\/\/globalalliance.me\/wp-content\/uploads\/2025\/06\/Brazzaville-Declaration-three-indigenous-representatives-event-display-768x512.jpg 768w, https:\/\/globalalliance.me\/wp-content\/uploads\/2025\/06\/Brazzaville-Declaration-three-indigenous-representatives-event-display-1536x1024.jpg 1536w, https:\/\/globalalliance.me\/wp-content\/uploads\/2025\/06\/Brazzaville-Declaration-three-indigenous-representatives-event-display-2048x1365.jpg 2048w, https:\/\/globalalliance.me\/wp-content\/uploads\/2025\/06\/Brazzaville-Declaration-three-indigenous-representatives-event-display-705x470.jpg 705w\" sizes=\"(max-width: 2400px) 100vw, 2400px\" \/><\/a><figcaption class=\"wp-element-caption\">Foto: @Norlando Meza<\/figcaption><\/figure>\n<\/figure>\n\n<p>A Declara\u00e7\u00e3o de Brazzaville \u00e9 mais do que palavras; \u00e9 um chamado ao reconhecimento, respeito e parceria. Enquanto o mundo se prepara para a COP30 e al\u00e9m, lembramos aos l\u00edderes globais que a lideran\u00e7a dos Povos Ind\u00edgenas e Comunidades Locais \u00e9 essencial para restaurar o equil\u00edbrio do planeta. <\/p>\n\n<p>Leia e compartilhe nossa declara\u00e7\u00e3o. O futuro come\u00e7a em nossos territ\u00f3rios. <\/p>\n\n<div class=\"wp-block-buttons is-layout-flex wp-block-buttons-is-layout-flex\">\n<div class=\"wp-block-button\"><a class=\"wp-block-button__link wp-element-button\" href=\"https:\/\/globalalliance.me\/wp-content\/uploads\/2025\/06\/EN_Brazzaville-Declaration-GATC_06-25-2025.pdf\">Baixe a declara\u00e7\u00e3o<\/a><\/div>\n<\/div>\n\n<p><\/p>\n","protected":false},"excerpt":{"rendered":"<p>De 26 a 30 de maio de 2025, realizamos o Primeiro Congresso Global dos Povos Ind\u00edgenas e Comunidades Locais das Bacias Florestais. A Declara\u00e7\u00e3o de Brazzaville \u00e9 mais do que palavras; \u00e9 um chamado ao reconhecimento, respeito e parceria.  <\/p>\n","protected":false},"author":2,"featured_media":16777,"comment_status":"closed","ping_status":"closed","sticky":false,"template":"","format":"standard","meta":{"cybocfi_hide_featured_image":"","footnotes":"","_links_to":"","_links_to_target":""},"categories":[44,41],"tags":[],"class_list":["post-17262","post","type-post","status-publish","format-standard","has-post-thumbnail","hentry","category-eventos-pt-br","category-noticias-pt-br"],"yoast_head":"<!-- This site is optimized with the Yoast SEO plugin v27.5 - https:\/\/yoast.com\/product\/yoast-seo-wordpress\/ -->\n<title>Declara\u00e7\u00e3o de Brazzaville - Global Alliance of Territorial Communities<\/title>\n<meta name=\"robots\" content=\"index, follow, max-snippet:-1, max-image-preview:large, max-video-preview:-1\" \/>\n<link rel=\"canonical\" href=\"https:\/\/globalalliance.me\/pt-br\/declaracao-de-brazzaville\/\" \/>\n<meta property=\"og:locale\" content=\"pt_BR\" \/>\n<meta property=\"og:type\" content=\"article\" \/>\n<meta property=\"og:title\" content=\"Declara\u00e7\u00e3o de Brazzaville - Global Alliance of Territorial Communities\" \/>\n<meta property=\"og:description\" content=\"De 26 a 30 de maio de 2025, realizamos o Primeiro Congresso Global dos Povos Ind\u00edgenas e Comunidades Locais das Bacias Florestais. A Declara\u00e7\u00e3o de Brazzaville \u00e9 mais do que palavras; \u00e9 um chamado ao reconhecimento, respeito e parceria.\" \/>\n<meta property=\"og:url\" content=\"https:\/\/globalalliance.me\/pt-br\/declaracao-de-brazzaville\/\" \/>\n<meta property=\"og:site_name\" content=\"Global Alliance of Territorial Communities\" \/>\n<meta property=\"article:published_time\" content=\"2025-06-10T18:43:00+00:00\" \/>\n<meta property=\"article:modified_time\" content=\"2025-09-19T01:33:40+00:00\" \/>\n<meta property=\"og:image\" content=\"https:\/\/globalalliance.me\/wp-content\/uploads\/2025\/06\/indigenous-event-aerial-shot-gathering-banners-med.jpg\" \/>\n\t<meta property=\"og:image:width\" content=\"2400\" \/>\n\t<meta property=\"og:image:height\" content=\"1350\" \/>\n\t<meta property=\"og:image:type\" content=\"image\/jpeg\" \/>\n<meta name=\"author\" content=\"GATC\" \/>\n<meta name=\"twitter:card\" content=\"summary_large_image\" \/>\n<meta name=\"twitter:label1\" content=\"Escrito por\" \/>\n\t<meta name=\"twitter:data1\" content=\"GATC\" \/>\n\t<meta name=\"twitter:label2\" content=\"Est. tempo de leitura\" \/>\n\t<meta name=\"twitter:data2\" content=\"1 minuto\" \/>\n<script type=\"application\/ld+json\" class=\"yoast-schema-graph\">{\"@context\":\"https:\\\/\\\/schema.org\",\"@graph\":[{\"@type\":\"Article\",\"@id\":\"https:\\\/\\\/globalalliance.me\\\/pt-br\\\/declaracao-de-brazzaville\\\/#article\",\"isPartOf\":{\"@id\":\"https:\\\/\\\/globalalliance.me\\\/pt-br\\\/declaracao-de-brazzaville\\\/\"},\"author\":{\"name\":\"GATC\",\"@id\":\"https:\\\/\\\/globalalliance.me\\\/pt-br\\\/#\\\/schema\\\/person\\\/fce30f8bdf780bd712e18e1d4239aebc\"},\"headline\":\"Declara\u00e7\u00e3o de Brazzaville\",\"datePublished\":\"2025-06-10T18:43:00+00:00\",\"dateModified\":\"2025-09-19T01:33:40+00:00\",\"mainEntityOfPage\":{\"@id\":\"https:\\\/\\\/globalalliance.me\\\/pt-br\\\/declaracao-de-brazzaville\\\/\"},\"wordCount\":204,\"image\":{\"@id\":\"https:\\\/\\\/globalalliance.me\\\/pt-br\\\/declaracao-de-brazzaville\\\/#primaryimage\"},\"thumbnailUrl\":\"https:\\\/\\\/globalalliance.me\\\/wp-content\\\/uploads\\\/2025\\\/06\\\/indigenous-event-aerial-shot-gathering-banners-med.jpg\",\"articleSection\":[\"Eventos\",\"Not\u00edcias\"],\"inLanguage\":\"pt-BR\"},{\"@type\":\"WebPage\",\"@id\":\"https:\\\/\\\/globalalliance.me\\\/pt-br\\\/declaracao-de-brazzaville\\\/\",\"url\":\"https:\\\/\\\/globalalliance.me\\\/pt-br\\\/declaracao-de-brazzaville\\\/\",\"name\":\"Declara\u00e7\u00e3o de Brazzaville - Global Alliance of Territorial Communities\",\"isPartOf\":{\"@id\":\"https:\\\/\\\/globalalliance.me\\\/pt-br\\\/#website\"},\"primaryImageOfPage\":{\"@id\":\"https:\\\/\\\/globalalliance.me\\\/pt-br\\\/declaracao-de-brazzaville\\\/#primaryimage\"},\"image\":{\"@id\":\"https:\\\/\\\/globalalliance.me\\\/pt-br\\\/declaracao-de-brazzaville\\\/#primaryimage\"},\"thumbnailUrl\":\"https:\\\/\\\/globalalliance.me\\\/wp-content\\\/uploads\\\/2025\\\/06\\\/indigenous-event-aerial-shot-gathering-banners-med.jpg\",\"datePublished\":\"2025-06-10T18:43:00+00:00\",\"dateModified\":\"2025-09-19T01:33:40+00:00\",\"author\":{\"@id\":\"https:\\\/\\\/globalalliance.me\\\/pt-br\\\/#\\\/schema\\\/person\\\/fce30f8bdf780bd712e18e1d4239aebc\"},\"breadcrumb\":{\"@id\":\"https:\\\/\\\/globalalliance.me\\\/pt-br\\\/declaracao-de-brazzaville\\\/#breadcrumb\"},\"inLanguage\":\"pt-BR\",\"potentialAction\":[{\"@type\":\"ReadAction\",\"target\":[\"https:\\\/\\\/globalalliance.me\\\/pt-br\\\/declaracao-de-brazzaville\\\/\"]}]},{\"@type\":\"ImageObject\",\"inLanguage\":\"pt-BR\",\"@id\":\"https:\\\/\\\/globalalliance.me\\\/pt-br\\\/declaracao-de-brazzaville\\\/#primaryimage\",\"url\":\"https:\\\/\\\/globalalliance.me\\\/wp-content\\\/uploads\\\/2025\\\/06\\\/indigenous-event-aerial-shot-gathering-banners-med.jpg\",\"contentUrl\":\"https:\\\/\\\/globalalliance.me\\\/wp-content\\\/uploads\\\/2025\\\/06\\\/indigenous-event-aerial-shot-gathering-banners-med.jpg\",\"width\":2400,\"height\":1350,\"caption\":\"Vis\u00e3o a\u00e9rea de um grupo diverso na grama segurando faixas pedindo prote\u00e7\u00e3o florestal e justi\u00e7a clim\u00e1tica\"},{\"@type\":\"BreadcrumbList\",\"@id\":\"https:\\\/\\\/globalalliance.me\\\/pt-br\\\/declaracao-de-brazzaville\\\/#breadcrumb\",\"itemListElement\":[{\"@type\":\"ListItem\",\"position\":1,\"name\":\"Home\",\"item\":\"https:\\\/\\\/globalalliance.me\\\/pt-br\\\/inicio\\\/\"},{\"@type\":\"ListItem\",\"position\":2,\"name\":\"Declara\u00e7\u00e3o de Brazzaville\"}]},{\"@type\":\"WebSite\",\"@id\":\"https:\\\/\\\/globalalliance.me\\\/pt-br\\\/#website\",\"url\":\"https:\\\/\\\/globalalliance.me\\\/pt-br\\\/\",\"name\":\"Global Alliance of Territorial Communities\",\"description\":\"We Are the Best Guardians of the Forest\",\"potentialAction\":[{\"@type\":\"SearchAction\",\"target\":{\"@type\":\"EntryPoint\",\"urlTemplate\":\"https:\\\/\\\/globalalliance.me\\\/pt-br\\\/?s={search_term_string}\"},\"query-input\":{\"@type\":\"PropertyValueSpecification\",\"valueRequired\":true,\"valueName\":\"search_term_string\"}}],\"inLanguage\":\"pt-BR\"},{\"@type\":\"Person\",\"@id\":\"https:\\\/\\\/globalalliance.me\\\/pt-br\\\/#\\\/schema\\\/person\\\/fce30f8bdf780bd712e18e1d4239aebc\",\"name\":\"GATC\",\"image\":{\"@type\":\"ImageObject\",\"inLanguage\":\"pt-BR\",\"@id\":\"https:\\\/\\\/secure.gravatar.com\\\/avatar\\\/e66da5702538a463148fac7299f33add18be6ea677862f8692689faad1602816?s=96&d=mm&r=g\",\"url\":\"https:\\\/\\\/secure.gravatar.com\\\/avatar\\\/e66da5702538a463148fac7299f33add18be6ea677862f8692689faad1602816?s=96&d=mm&r=g\",\"contentUrl\":\"https:\\\/\\\/secure.gravatar.com\\\/avatar\\\/e66da5702538a463148fac7299f33add18be6ea677862f8692689faad1602816?s=96&d=mm&r=g\",\"caption\":\"GATC\"},\"url\":\"https:\\\/\\\/globalalliance.me\\\/pt-br\\\/author\\\/skygoodwebworks-com\\\/\"}]}<\/script>\n<!-- \/ Yoast SEO plugin. -->","yoast_head_json":{"title":"Declara\u00e7\u00e3o de Brazzaville - Global Alliance of Territorial Communities","robots":{"index":"index","follow":"follow","max-snippet":"max-snippet:-1","max-image-preview":"max-image-preview:large","max-video-preview":"max-video-preview:-1"},"canonical":"https:\/\/globalalliance.me\/pt-br\/declaracao-de-brazzaville\/","og_locale":"pt_BR","og_type":"article","og_title":"Declara\u00e7\u00e3o de Brazzaville - Global Alliance of Territorial Communities","og_description":"De 26 a 30 de maio de 2025, realizamos o Primeiro Congresso Global dos Povos Ind\u00edgenas e Comunidades Locais das Bacias Florestais. A Declara\u00e7\u00e3o de Brazzaville \u00e9 mais do que palavras; \u00e9 um chamado ao reconhecimento, respeito e parceria.","og_url":"https:\/\/globalalliance.me\/pt-br\/declaracao-de-brazzaville\/","og_site_name":"Global Alliance of Territorial Communities","article_published_time":"2025-06-10T18:43:00+00:00","article_modified_time":"2025-09-19T01:33:40+00:00","og_image":[{"width":2400,"height":1350,"url":"https:\/\/globalalliance.me\/wp-content\/uploads\/2025\/06\/indigenous-event-aerial-shot-gathering-banners-med.jpg","type":"image\/jpeg"}],"author":"GATC","twitter_card":"summary_large_image","twitter_misc":{"Escrito por":"GATC","Est. tempo de leitura":"1 minuto"},"schema":{"@context":"https:\/\/schema.org","@graph":[{"@type":"Article","@id":"https:\/\/globalalliance.me\/pt-br\/declaracao-de-brazzaville\/#article","isPartOf":{"@id":"https:\/\/globalalliance.me\/pt-br\/declaracao-de-brazzaville\/"},"author":{"name":"GATC","@id":"https:\/\/globalalliance.me\/pt-br\/#\/schema\/person\/fce30f8bdf780bd712e18e1d4239aebc"},"headline":"Declara\u00e7\u00e3o de Brazzaville","datePublished":"2025-06-10T18:43:00+00:00","dateModified":"2025-09-19T01:33:40+00:00","mainEntityOfPage":{"@id":"https:\/\/globalalliance.me\/pt-br\/declaracao-de-brazzaville\/"},"wordCount":204,"image":{"@id":"https:\/\/globalalliance.me\/pt-br\/declaracao-de-brazzaville\/#primaryimage"},"thumbnailUrl":"https:\/\/globalalliance.me\/wp-content\/uploads\/2025\/06\/indigenous-event-aerial-shot-gathering-banners-med.jpg","articleSection":["Eventos","Not\u00edcias"],"inLanguage":"pt-BR"},{"@type":"WebPage","@id":"https:\/\/globalalliance.me\/pt-br\/declaracao-de-brazzaville\/","url":"https:\/\/globalalliance.me\/pt-br\/declaracao-de-brazzaville\/","name":"Declara\u00e7\u00e3o de Brazzaville - Global Alliance of Territorial Communities","isPartOf":{"@id":"https:\/\/globalalliance.me\/pt-br\/#website"},"primaryImageOfPage":{"@id":"https:\/\/globalalliance.me\/pt-br\/declaracao-de-brazzaville\/#primaryimage"},"image":{"@id":"https:\/\/globalalliance.me\/pt-br\/declaracao-de-brazzaville\/#primaryimage"},"thumbnailUrl":"https:\/\/globalalliance.me\/wp-content\/uploads\/2025\/06\/indigenous-event-aerial-shot-gathering-banners-med.jpg","datePublished":"2025-06-10T18:43:00+00:00","dateModified":"2025-09-19T01:33:40+00:00","author":{"@id":"https:\/\/globalalliance.me\/pt-br\/#\/schema\/person\/fce30f8bdf780bd712e18e1d4239aebc"},"breadcrumb":{"@id":"https:\/\/globalalliance.me\/pt-br\/declaracao-de-brazzaville\/#breadcrumb"},"inLanguage":"pt-BR","potentialAction":[{"@type":"ReadAction","target":["https:\/\/globalalliance.me\/pt-br\/declaracao-de-brazzaville\/"]}]},{"@type":"ImageObject","inLanguage":"pt-BR","@id":"https:\/\/globalalliance.me\/pt-br\/declaracao-de-brazzaville\/#primaryimage","url":"https:\/\/globalalliance.me\/wp-content\/uploads\/2025\/06\/indigenous-event-aerial-shot-gathering-banners-med.jpg","contentUrl":"https:\/\/globalalliance.me\/wp-content\/uploads\/2025\/06\/indigenous-event-aerial-shot-gathering-banners-med.jpg","width":2400,"height":1350,"caption":"Vis\u00e3o a\u00e9rea de um grupo diverso na grama segurando faixas pedindo prote\u00e7\u00e3o florestal e justi\u00e7a clim\u00e1tica"},{"@type":"BreadcrumbList","@id":"https:\/\/globalalliance.me\/pt-br\/declaracao-de-brazzaville\/#breadcrumb","itemListElement":[{"@type":"ListItem","position":1,"name":"Home","item":"https:\/\/globalalliance.me\/pt-br\/inicio\/"},{"@type":"ListItem","position":2,"name":"Declara\u00e7\u00e3o de Brazzaville"}]},{"@type":"WebSite","@id":"https:\/\/globalalliance.me\/pt-br\/#website","url":"https:\/\/globalalliance.me\/pt-br\/","name":"Global Alliance of Territorial Communities","description":"We Are the Best Guardians of the Forest","potentialAction":[{"@type":"SearchAction","target":{"@type":"EntryPoint","urlTemplate":"https:\/\/globalalliance.me\/pt-br\/?s={search_term_string}"},"query-input":{"@type":"PropertyValueSpecification","valueRequired":true,"valueName":"search_term_string"}}],"inLanguage":"pt-BR"},{"@type":"Person","@id":"https:\/\/globalalliance.me\/pt-br\/#\/schema\/person\/fce30f8bdf780bd712e18e1d4239aebc","name":"GATC","image":{"@type":"ImageObject","inLanguage":"pt-BR","@id":"https:\/\/secure.gravatar.com\/avatar\/e66da5702538a463148fac7299f33add18be6ea677862f8692689faad1602816?s=96&d=mm&r=g","url":"https:\/\/secure.gravatar.com\/avatar\/e66da5702538a463148fac7299f33add18be6ea677862f8692689faad1602816?s=96&d=mm&r=g","contentUrl":"https:\/\/secure.gravatar.com\/avatar\/e66da5702538a463148fac7299f33add18be6ea677862f8692689faad1602816?s=96&d=mm&r=g","caption":"GATC"},"url":"https:\/\/globalalliance.me\/pt-br\/author\/skygoodwebworks-com\/"}]}},"_links":{"self":[{"href":"https:\/\/globalalliance.me\/pt-br\/wp-json\/wp\/v2\/posts\/17262","targetHints":{"allow":["GET"]}}],"collection":[{"href":"https:\/\/globalalliance.me\/pt-br\/wp-json\/wp\/v2\/posts"}],"about":[{"href":"https:\/\/globalalliance.me\/pt-br\/wp-json\/wp\/v2\/types\/post"}],"author":[{"embeddable":true,"href":"https:\/\/globalalliance.me\/pt-br\/wp-json\/wp\/v2\/users\/2"}],"replies":[{"embeddable":true,"href":"https:\/\/globalalliance.me\/pt-br\/wp-json\/wp\/v2\/comments?post=17262"}],"version-history":[{"count":0,"href":"https:\/\/globalalliance.me\/pt-br\/wp-json\/wp\/v2\/posts\/17262\/revisions"}],"wp:featuredmedia":[{"embeddable":true,"href":"https:\/\/globalalliance.me\/pt-br\/wp-json\/wp\/v2\/media\/16777"}],"wp:attachment":[{"href":"https:\/\/globalalliance.me\/pt-br\/wp-json\/wp\/v2\/media?parent=17262"}],"wp:term":[{"taxonomy":"category","embeddable":true,"href":"https:\/\/globalalliance.me\/pt-br\/wp-json\/wp\/v2\/categories?post=17262"},{"taxonomy":"post_tag","embeddable":true,"href":"https:\/\/globalalliance.me\/pt-br\/wp-json\/wp\/v2\/tags?post=17262"}],"curies":[{"name":"wp","href":"https:\/\/api.w.org\/{rel}","templated":true}]}}