{"id":5624,"date":"2023-09-21T02:47:31","date_gmt":"2023-09-21T02:47:31","guid":{"rendered":"https:\/\/globalalliance.me\/a-farmacia-da-floresta-a-resiliencia-dos-povos-da-amazonia-face-a-pandemia\/"},"modified":"2025-04-06T01:49:30","modified_gmt":"2025-04-06T01:49:30","slug":"a-farmacia-da-floresta-a-resiliencia-dos-povos-da-amazonia-face-a-pandemia","status":"publish","type":"post","link":"https:\/\/globalalliance.me\/pt-br\/a-farmacia-da-floresta-a-resiliencia-dos-povos-da-amazonia-face-a-pandemia\/","title":{"rendered":"A farm\u00e1cia da floresta: a resili\u00eancia dos povos da Amaz\u00f4nia face \u00e0 pandemia"},"content":{"rendered":"\n<p>Esta \u00e9 uma hist\u00f3ria dos povos da Amaz\u00f4nia equatoriana, um relato da chegada da COVID-19 \u00e0s profundezas da floresta e de como as comunidades se uniram e partilharam os seus conhecimentos para enfrentar a pandemia e os seus impactos de longo alcance.<\/p>\n\n<p>Apesar do aparecimento imprevisto da pandemia em 2020 e da devasta\u00e7\u00e3o que causou em todo o mundo, os povos ind\u00edgenas retomaram os seus conhecimentos ancestrais e enfrentaram-na com sabedoria e solidariedade. Desde os primeiros meses da emerg\u00eancia global, as comunidades de toda a Amaz\u00f4nia recorreram aos conhecimentos ancestrais atrav\u00e9s de palavras, cantos e da experi\u00eancia dos mais velhos. <\/p>\n\n<div class=\"wp-block-media-text has-media-on-the-right is-stacked-on-mobile postTextMedia has-text-color has-background\" style=\"color:#f5eedf;background-color:#c04b17;margin-top:var(--wp--preset--spacing--60);margin-bottom:var(--wp--preset--spacing--60)\"><div class=\"wp-block-media-text__content\">\n<p style=\"font-size:1.5rem\"><em>A floresta \u00e9 um mercado, a floresta \u00e9 uma farm\u00e1cia, a maior e melhor que temos. Como os m\u00e9dicos que t\u00eam rem\u00e9dios, n\u00f3s temos o mesmo na nossa floresta, onde temos plantas medicinais para curar. <\/em><\/p>\n\n\n\n<p class=\"has-small-font-size\">Nancy Guiquita<br\/>s\u00e1bia do Povo Waorani<\/p>\n<\/div><figure class=\"wp-block-media-text__media\"><img fetchpriority=\"high\" decoding=\"async\" width=\"600\" height=\"400\" src=\"https:\/\/globalalliance.me\/wp-content\/uploads\/2023\/09\/Nancy-600x400.jpg\" alt=\"Nancy Guiquita, guardi\u00e3 da sabedoria do povo Waorani com tinta vermelha tradicional ao redor dos olhos\" class=\"wp-image-5542 size-medium\" srcset=\"https:\/\/globalalliance.me\/wp-content\/uploads\/2023\/09\/Nancy-600x400.jpg 600w, https:\/\/globalalliance.me\/wp-content\/uploads\/2023\/09\/Nancy-1500x1000.jpg 1500w, https:\/\/globalalliance.me\/wp-content\/uploads\/2023\/09\/Nancy-768x512.jpg 768w, https:\/\/globalalliance.me\/wp-content\/uploads\/2023\/09\/Nancy-1536x1024.jpg 1536w, https:\/\/globalalliance.me\/wp-content\/uploads\/2023\/09\/Nancy-2048x1365.jpg 2048w, https:\/\/globalalliance.me\/wp-content\/uploads\/2023\/09\/Nancy-705x470.jpg 705w\" sizes=\"(max-width: 600px) 100vw, 600px\" \/><\/figure><\/div>\n\n<h2 class=\"wp-block-heading\">A Rota da Sabedoria Ancestral<\/h2>\n\n<p>Nemo Guiquita dirige a \u00e1rea de Mulheres e Sa\u00fade da Confedera\u00e7\u00e3o de Nacionalidades Ind\u00edgenas da Amaz\u00f4nia Equatoriana, CONFENIAE, onde um dos projetos realizados durante a pandemia foi a Rota da Sa\u00fade, um programa para levar cuidados de sa\u00fade prim\u00e1rios \u00e0s comunidades amaz\u00f4nicas utilizando a sabedoria ancestral para mitigar a doen\u00e7a do coronav\u00edrus.<\/p>\n\n<div class=\"wp-block-media-text is-stacked-on-mobile is-image-fill postTextMedia has-text-color has-background\" style=\"color:#f5eedf;background-color:#c04b17;margin-top:var(--wp--preset--spacing--60);margin-bottom:var(--wp--preset--spacing--60)\"><figure class=\"wp-block-media-text__media\" style=\"background-image:url(https:\/\/globalalliance.me\/wp-content\/uploads\/2023\/09\/Nemo-600x400.jpg);background-position:50% 50%\"><img decoding=\"async\" width=\"600\" height=\"400\" src=\"https:\/\/globalalliance.me\/wp-content\/uploads\/2023\/09\/Nemo-600x400.jpg\" alt=\"Nemo Guiquita, l\u00edder do povo Waorani, usando acess\u00f3rios de penas com tinta vermelha ao redor dos olhos\" class=\"wp-image-5546 size-medium\" srcset=\"https:\/\/globalalliance.me\/wp-content\/uploads\/2023\/09\/Nemo-600x400.jpg 600w, https:\/\/globalalliance.me\/wp-content\/uploads\/2023\/09\/Nemo-1500x1000.jpg 1500w, https:\/\/globalalliance.me\/wp-content\/uploads\/2023\/09\/Nemo-768x512.jpg 768w, https:\/\/globalalliance.me\/wp-content\/uploads\/2023\/09\/Nemo-1536x1024.jpg 1536w, https:\/\/globalalliance.me\/wp-content\/uploads\/2023\/09\/Nemo-2048x1365.jpg 2048w, https:\/\/globalalliance.me\/wp-content\/uploads\/2023\/09\/Nemo-705x470.jpg 705w\" sizes=\"(max-width: 600px) 100vw, 600px\" \/><\/figure><div class=\"wp-block-media-text__content\">\n<p style=\"font-size:1.5rem\"><em>Trabalhamos a partir das comunidades com os s\u00e1bios, com os jovens e com as mulheres para combater a doen\u00e7a. Tivemos de recorrer novamente aos nossos s\u00e1bios e mulheres das comunidades e come\u00e7ar a identificar as plantas medicinais, as folhas, as ra\u00edzes e os caules. O conhecimento voltou \u00e0 vida e tem sido um grande sucesso e uma for\u00e7a para n\u00f3s.  <\/em><\/p>\n\n\n\n<p class=\"has-small-font-size\">Nemo Guiquita<br\/>l\u00edder do povo Waorani<\/p>\n<\/div><\/div>\n\n<p>Nemo conta que, no in\u00edcio da pandemia, as estradas foram fechadas e o Estado equatoriano virou-lhes as costas, mas este abandono resultou numa acelera\u00e7\u00e3o do processo de transmiss\u00e3o dos conhecimentos ancestrais dos mais velhos para os mais novos. Fam\u00edlias e comunidades inteiras embrenharam-se na densa floresta para recolher e depois preparar os medicamentos com que tratavam os sintomas e aliviavam as dores das pessoas infectadas. <\/p>\n\n<figure class=\"wp-block-image size-large is-resized moreImageMargin\"><img decoding=\"async\" width=\"1500\" height=\"1000\" src=\"https:\/\/globalalliance.me\/wp-content\/uploads\/2023\/09\/Awana-Collective-1500x1000.jpg\" alt=\"foto de grupo de seis mulheres ind&#xED;genas segurando plantas medicinais contra um fundo preto\" class=\"wp-image-5554\" style=\"aspect-ratio:1.7777777777777777;object-fit:cover;width:800px;height:auto\" srcset=\"https:\/\/globalalliance.me\/wp-content\/uploads\/2023\/09\/Awana-Collective-1500x1000.jpg 1500w, https:\/\/globalalliance.me\/wp-content\/uploads\/2023\/09\/Awana-Collective-600x400.jpg 600w, https:\/\/globalalliance.me\/wp-content\/uploads\/2023\/09\/Awana-Collective-768x512.jpg 768w, https:\/\/globalalliance.me\/wp-content\/uploads\/2023\/09\/Awana-Collective-1536x1024.jpg 1536w, https:\/\/globalalliance.me\/wp-content\/uploads\/2023\/09\/Awana-Collective-2048x1365.jpg 2048w, https:\/\/globalalliance.me\/wp-content\/uploads\/2023\/09\/Awana-Collective-705x470.jpg 705w\" sizes=\"(max-width: 1500px) 100vw, 1500px\" \/><\/figure>\n\n<p>Noutra parte da imensa floresta amaz\u00f4nica, Uni\u00f3n Base tamb\u00e9m viveu esse renascimento do conhecimento ancestral. Indira Vargas, l\u00edder comunit\u00e1ria do povo Kichwa, participou ativamente em v\u00e1rios processos de forma\u00e7\u00e3o sobre a COVID-19 abertos pela CONFENIAE e formou-se como Promotora de Sa\u00fade. <\/p>\n\n<p>Juntamente com um grupo de companheiras da sua comunidade, Indira faz parte do Coletivo Awana, um espa\u00e7o de partilha de pr\u00e1ticas ancestrais, experi\u00eancias e cuidados desde o abastecimento alimentar, \u00e0 gest\u00e3o de plantas e sementes aut\u00f3ctones, aos c\u00edrculos de conversa em frente \u00e0 fogueira, \u00e0s medicinas ancestrais e ao papel das mulheres no desenvolvimento comunit\u00e1rio.<\/p>\n\n<p>Desde que me lembro, cresci com os meus av\u00f3s na comunidade e, de facto, os meus av\u00f3s ensinaram-me muito sobre as hist\u00f3rias, sobre o pr\u00f3prio conhecimento. Como povo ind\u00edgena, a minha av\u00f3 ensinou-me a cultivar a terra e como o conhecimento est\u00e1 ligado \u00e0s can\u00e7\u00f5es, diz Indira sobre a sua forma\u00e7\u00e3o na utiliza\u00e7\u00e3o da imensa variedade de plantas da Amaz\u00f4nia. <\/p>\n\n<div class=\"wp-block-media-text has-media-on-the-right is-stacked-on-mobile is-image-fill postTextMedia has-text-color has-background\" style=\"color:#f5eedf;background-color:#c04b17;margin-top:var(--wp--preset--spacing--60);margin-bottom:var(--wp--preset--spacing--60)\"><div class=\"wp-block-media-text__content\">\n<p style=\"font-size:1.5rem\"><em>Uma das coisas de ser Promotora foi conhecer outras realidades, outros processos de outras nacionalidades, a gente percebeu que as plantas medicinais se repetiam em todas as nacionalidades, em todas as comunidades que eu pude visitar na regi\u00e3o. <\/em><\/p>\n\n\n\n<p class=\"has-small-font-size\">retrato de Indira Vargas<br\/>l\u00edder comunit\u00e1ria do povo Kichwa<\/p>\n<\/div><figure class=\"wp-block-media-text__media\" style=\"background-image:url(https:\/\/globalalliance.me\/wp-content\/uploads\/2023\/09\/Indira-Vargas-1500x1000.jpg);background-position:50% 50%\"><img loading=\"lazy\" decoding=\"async\" width=\"1500\" height=\"1000\" src=\"https:\/\/globalalliance.me\/wp-content\/uploads\/2023\/09\/Indira-Vargas-1500x1000.jpg\" alt=\"retrato de Indira Vargas, l\u00edder comunit\u00e1ria do povo Kichwa, seu rosto est\u00e1 pintado com desenhos tradicionais\" class=\"wp-image-5558 size-full\" srcset=\"https:\/\/globalalliance.me\/wp-content\/uploads\/2023\/09\/Indira-Vargas-1500x1000.jpg 1500w, https:\/\/globalalliance.me\/wp-content\/uploads\/2023\/09\/Indira-Vargas-600x400.jpg 600w, https:\/\/globalalliance.me\/wp-content\/uploads\/2023\/09\/Indira-Vargas-768x512.jpg 768w, https:\/\/globalalliance.me\/wp-content\/uploads\/2023\/09\/Indira-Vargas-1536x1024.jpg 1536w, https:\/\/globalalliance.me\/wp-content\/uploads\/2023\/09\/Indira-Vargas-2048x1365.jpg 2048w, https:\/\/globalalliance.me\/wp-content\/uploads\/2023\/09\/Indira-Vargas-705x470.jpg 705w\" sizes=\"(max-width: 1500px) 100vw, 1500px\" \/><\/figure><\/div>\n\n<p>Indira fala sobre como a utiliza\u00e7\u00e3o de plantas e medicamentos ancestrais coincide nas comunidades amaz\u00f4nicas do Equador, apesar de serem de territ\u00f3rios, l\u00ednguas e povos diferentes, o que denota uma sabedoria ancestral profunda e intr\u00ednseca. O seu trabalho como Promotora de Sa\u00fade \u00e9 precisamente uma combina\u00e7\u00e3o de conhecimentos ancestrais e conhecimentos ocidentais.  <\/p>\n\n<blockquote class=\"wp-block-quote is-layout-flow wp-block-quote-is-layout-flow\" style=\"font-size:1.5rem\">\n<p><em>Tanto a medicina ocidental como a medicina tradicional s\u00e3o boas. Unir as duas seria um grande passo. J\u00e1 seria uma constru\u00e7\u00e3o intercultural: a verdadeira interculturalidade no conhecimento,  <\/em>disse Indira.<\/p>\n<\/blockquote>\n\n<figure class=\"wp-block-embed is-type-video is-provider-youtube wp-block-embed-youtube wp-embed-aspect-16-9 wp-has-aspect-ratio\"><div class=\"wp-block-embed__wrapper\">\n<div class='avia-iframe-wrap'><iframe title=\"A farm\u00e1cia da floresta\" width=\"1500\" height=\"844\" src=\"https:\/\/www.youtube.com\/embed\/Fxaf1h-1-lI?feature=oembed\" frameborder=\"0\" allow=\"accelerometer; autoplay; clipboard-write; encrypted-media; gyroscope; picture-in-picture; web-share\" allowfullscreen><\/iframe><\/div>\n<\/div><\/figure>\n\n<div style=\"height:40px\" aria-hidden=\"true\" class=\"wp-block-spacer\"><\/div>\n\n<hr class=\"wp-block-separator has-alpha-channel-opacity is-style-dots\" style=\"margin-top:var(--wp--preset--spacing--50);margin-bottom:var(--wp--preset--spacing--50)\"\/>\n\n<p>Esta nota \u00e9 uma antevis\u00e3o da s\u00e9rie Hist\u00f3rias de Resili\u00eancia, um projeto da TINTA (<a href=\"https:\/\/thisistinta.org\/\">The Invisible Thread<\/a>) para a documenta\u00e7\u00e3o e visibilidade de casos que mostram a adaptabilidade, for\u00e7a e unidade de pessoas e comunidades face \u00e0 COVID-19 nos territ\u00f3rios da Am\u00e9rica Latina, \u00c1sia e \u00c1frica que comp\u00f5em a <a href=\"http:\/\/www.globalalliance.me\">Alian\u00e7a Global de Comunidades Territoriais<\/a>.<\/p>\n","protected":false},"excerpt":{"rendered":"<p>Esta \u00e9 uma hist\u00f3ria dos povos da Amaz\u00f4nia equatoriana, um relato da chegada da COVID-19 \u00e0s profundezas da floresta e de como as comunidades se uniram e partilharam os seus conhecimentos para enfrentar a pandemia e os seus impactos de longo alcance.<\/p>\n","protected":false},"author":2,"featured_media":5540,"comment_status":"closed","ping_status":"closed","sticky":false,"template":"","format":"standard","meta":{"cybocfi_hide_featured_image":"","footnotes":"","_links_to":"","_links_to_target":""},"categories":[41],"tags":[],"class_list":["post-5624","post","type-post","status-publish","format-standard","has-post-thumbnail","hentry","category-noticias-pt-br"],"yoast_head":"<!-- This site is optimized with the Yoast SEO plugin v27.5 - https:\/\/yoast.com\/product\/yoast-seo-wordpress\/ -->\n<title>A farm\u00e1cia da floresta: a resili\u00eancia dos povos da Amaz\u00f4nia face \u00e0 pandemia - Global Alliance of Territorial Communities<\/title>\n<meta name=\"robots\" content=\"index, follow, max-snippet:-1, max-image-preview:large, max-video-preview:-1\" \/>\n<link rel=\"canonical\" href=\"https:\/\/globalalliance.me\/pt-br\/a-farmacia-da-floresta-a-resiliencia-dos-povos-da-amazonia-face-a-pandemia\/\" \/>\n<meta property=\"og:locale\" content=\"pt_BR\" \/>\n<meta property=\"og:type\" content=\"article\" \/>\n<meta property=\"og:title\" content=\"A farm\u00e1cia da floresta: a resili\u00eancia dos povos da Amaz\u00f4nia face \u00e0 pandemia - Global Alliance of Territorial Communities\" \/>\n<meta property=\"og:description\" content=\"Esta \u00e9 uma hist\u00f3ria dos povos da Amaz\u00f4nia equatoriana, um relato da chegada da COVID-19 \u00e0s profundezas da floresta e de como as comunidades se uniram e partilharam os seus conhecimentos para enfrentar a pandemia e os seus impactos de longo alcance.\" \/>\n<meta property=\"og:url\" content=\"https:\/\/globalalliance.me\/pt-br\/a-farmacia-da-floresta-a-resiliencia-dos-povos-da-amazonia-face-a-pandemia\/\" \/>\n<meta property=\"og:site_name\" content=\"Global Alliance of Territorial Communities\" \/>\n<meta property=\"article:published_time\" content=\"2023-09-21T02:47:31+00:00\" \/>\n<meta property=\"article:modified_time\" content=\"2025-04-06T01:49:30+00:00\" \/>\n<meta property=\"og:image\" content=\"https:\/\/globalalliance.me\/wp-content\/uploads\/2023\/09\/Nancy-Guiquita-Obepare-Waoranis-Ecuador.jpg\" \/>\n\t<meta property=\"og:image:width\" content=\"2400\" \/>\n\t<meta property=\"og:image:height\" content=\"1600\" \/>\n\t<meta property=\"og:image:type\" content=\"image\/jpeg\" \/>\n<meta name=\"author\" content=\"GATC\" \/>\n<meta name=\"twitter:card\" content=\"summary_large_image\" \/>\n<meta name=\"twitter:label1\" content=\"Escrito por\" \/>\n\t<meta name=\"twitter:data1\" content=\"GATC\" \/>\n\t<meta name=\"twitter:label2\" content=\"Est. tempo de leitura\" \/>\n\t<meta name=\"twitter:data2\" content=\"4 minutos\" \/>\n<script type=\"application\/ld+json\" class=\"yoast-schema-graph\">{\"@context\":\"https:\\\/\\\/schema.org\",\"@graph\":[{\"@type\":\"Article\",\"@id\":\"https:\\\/\\\/globalalliance.me\\\/pt-br\\\/a-farmacia-da-floresta-a-resiliencia-dos-povos-da-amazonia-face-a-pandemia\\\/#article\",\"isPartOf\":{\"@id\":\"https:\\\/\\\/globalalliance.me\\\/pt-br\\\/a-farmacia-da-floresta-a-resiliencia-dos-povos-da-amazonia-face-a-pandemia\\\/\"},\"author\":{\"name\":\"GATC\",\"@id\":\"https:\\\/\\\/globalalliance.me\\\/pt-br\\\/#\\\/schema\\\/person\\\/fce30f8bdf780bd712e18e1d4239aebc\"},\"headline\":\"A farm\u00e1cia da floresta: a resili\u00eancia dos povos da Amaz\u00f4nia face \u00e0 pandemia\",\"datePublished\":\"2023-09-21T02:47:31+00:00\",\"dateModified\":\"2025-04-06T01:49:30+00:00\",\"mainEntityOfPage\":{\"@id\":\"https:\\\/\\\/globalalliance.me\\\/pt-br\\\/a-farmacia-da-floresta-a-resiliencia-dos-povos-da-amazonia-face-a-pandemia\\\/\"},\"wordCount\":757,\"image\":{\"@id\":\"https:\\\/\\\/globalalliance.me\\\/pt-br\\\/a-farmacia-da-floresta-a-resiliencia-dos-povos-da-amazonia-face-a-pandemia\\\/#primaryimage\"},\"thumbnailUrl\":\"https:\\\/\\\/globalalliance.me\\\/wp-content\\\/uploads\\\/2023\\\/09\\\/Nancy-Guiquita-Obepare-Waoranis-Ecuador.jpg\",\"articleSection\":[\"Not\u00edcias\"],\"inLanguage\":\"pt-BR\"},{\"@type\":\"WebPage\",\"@id\":\"https:\\\/\\\/globalalliance.me\\\/pt-br\\\/a-farmacia-da-floresta-a-resiliencia-dos-povos-da-amazonia-face-a-pandemia\\\/\",\"url\":\"https:\\\/\\\/globalalliance.me\\\/pt-br\\\/a-farmacia-da-floresta-a-resiliencia-dos-povos-da-amazonia-face-a-pandemia\\\/\",\"name\":\"A farm\u00e1cia da floresta: a resili\u00eancia dos povos da Amaz\u00f4nia face \u00e0 pandemia - Global Alliance of Territorial Communities\",\"isPartOf\":{\"@id\":\"https:\\\/\\\/globalalliance.me\\\/pt-br\\\/#website\"},\"primaryImageOfPage\":{\"@id\":\"https:\\\/\\\/globalalliance.me\\\/pt-br\\\/a-farmacia-da-floresta-a-resiliencia-dos-povos-da-amazonia-face-a-pandemia\\\/#primaryimage\"},\"image\":{\"@id\":\"https:\\\/\\\/globalalliance.me\\\/pt-br\\\/a-farmacia-da-floresta-a-resiliencia-dos-povos-da-amazonia-face-a-pandemia\\\/#primaryimage\"},\"thumbnailUrl\":\"https:\\\/\\\/globalalliance.me\\\/wp-content\\\/uploads\\\/2023\\\/09\\\/Nancy-Guiquita-Obepare-Waoranis-Ecuador.jpg\",\"datePublished\":\"2023-09-21T02:47:31+00:00\",\"dateModified\":\"2025-04-06T01:49:30+00:00\",\"author\":{\"@id\":\"https:\\\/\\\/globalalliance.me\\\/pt-br\\\/#\\\/schema\\\/person\\\/fce30f8bdf780bd712e18e1d4239aebc\"},\"breadcrumb\":{\"@id\":\"https:\\\/\\\/globalalliance.me\\\/pt-br\\\/a-farmacia-da-floresta-a-resiliencia-dos-povos-da-amazonia-face-a-pandemia\\\/#breadcrumb\"},\"inLanguage\":\"pt-BR\",\"potentialAction\":[{\"@type\":\"ReadAction\",\"target\":[\"https:\\\/\\\/globalalliance.me\\\/pt-br\\\/a-farmacia-da-floresta-a-resiliencia-dos-povos-da-amazonia-face-a-pandemia\\\/\"]}]},{\"@type\":\"ImageObject\",\"inLanguage\":\"pt-BR\",\"@id\":\"https:\\\/\\\/globalalliance.me\\\/pt-br\\\/a-farmacia-da-floresta-a-resiliencia-dos-povos-da-amazonia-face-a-pandemia\\\/#primaryimage\",\"url\":\"https:\\\/\\\/globalalliance.me\\\/wp-content\\\/uploads\\\/2023\\\/09\\\/Nancy-Guiquita-Obepare-Waoranis-Ecuador.jpg\",\"contentUrl\":\"https:\\\/\\\/globalalliance.me\\\/wp-content\\\/uploads\\\/2023\\\/09\\\/Nancy-Guiquita-Obepare-Waoranis-Ecuador.jpg\",\"width\":2400,\"height\":1600,\"caption\":\"retrato de duas mulheres ind\u00edgenas Waorani do Equador com pintura facial tradicional vermelha ao redor dos olhos\"},{\"@type\":\"BreadcrumbList\",\"@id\":\"https:\\\/\\\/globalalliance.me\\\/pt-br\\\/a-farmacia-da-floresta-a-resiliencia-dos-povos-da-amazonia-face-a-pandemia\\\/#breadcrumb\",\"itemListElement\":[{\"@type\":\"ListItem\",\"position\":1,\"name\":\"Home\",\"item\":\"https:\\\/\\\/globalalliance.me\\\/pt-br\\\/inicio\\\/\"},{\"@type\":\"ListItem\",\"position\":2,\"name\":\"A farm\u00e1cia da floresta: a resili\u00eancia dos povos da Amaz\u00f4nia face \u00e0 pandemia\"}]},{\"@type\":\"WebSite\",\"@id\":\"https:\\\/\\\/globalalliance.me\\\/pt-br\\\/#website\",\"url\":\"https:\\\/\\\/globalalliance.me\\\/pt-br\\\/\",\"name\":\"Global Alliance of Territorial Communities\",\"description\":\"We Are the Best Guardians of the Forest\",\"potentialAction\":[{\"@type\":\"SearchAction\",\"target\":{\"@type\":\"EntryPoint\",\"urlTemplate\":\"https:\\\/\\\/globalalliance.me\\\/pt-br\\\/?s={search_term_string}\"},\"query-input\":{\"@type\":\"PropertyValueSpecification\",\"valueRequired\":true,\"valueName\":\"search_term_string\"}}],\"inLanguage\":\"pt-BR\"},{\"@type\":\"Person\",\"@id\":\"https:\\\/\\\/globalalliance.me\\\/pt-br\\\/#\\\/schema\\\/person\\\/fce30f8bdf780bd712e18e1d4239aebc\",\"name\":\"GATC\",\"image\":{\"@type\":\"ImageObject\",\"inLanguage\":\"pt-BR\",\"@id\":\"https:\\\/\\\/secure.gravatar.com\\\/avatar\\\/e66da5702538a463148fac7299f33add18be6ea677862f8692689faad1602816?s=96&d=mm&r=g\",\"url\":\"https:\\\/\\\/secure.gravatar.com\\\/avatar\\\/e66da5702538a463148fac7299f33add18be6ea677862f8692689faad1602816?s=96&d=mm&r=g\",\"contentUrl\":\"https:\\\/\\\/secure.gravatar.com\\\/avatar\\\/e66da5702538a463148fac7299f33add18be6ea677862f8692689faad1602816?s=96&d=mm&r=g\",\"caption\":\"GATC\"},\"url\":\"https:\\\/\\\/globalalliance.me\\\/pt-br\\\/author\\\/skygoodwebworks-com\\\/\"}]}<\/script>\n<!-- \/ Yoast SEO plugin. -->","yoast_head_json":{"title":"A farm\u00e1cia da floresta: a resili\u00eancia dos povos da Amaz\u00f4nia face \u00e0 pandemia - Global Alliance of Territorial Communities","robots":{"index":"index","follow":"follow","max-snippet":"max-snippet:-1","max-image-preview":"max-image-preview:large","max-video-preview":"max-video-preview:-1"},"canonical":"https:\/\/globalalliance.me\/pt-br\/a-farmacia-da-floresta-a-resiliencia-dos-povos-da-amazonia-face-a-pandemia\/","og_locale":"pt_BR","og_type":"article","og_title":"A farm\u00e1cia da floresta: a resili\u00eancia dos povos da Amaz\u00f4nia face \u00e0 pandemia - Global Alliance of Territorial Communities","og_description":"Esta \u00e9 uma hist\u00f3ria dos povos da Amaz\u00f4nia equatoriana, um relato da chegada da COVID-19 \u00e0s profundezas da floresta e de como as comunidades se uniram e partilharam os seus conhecimentos para enfrentar a pandemia e os seus impactos de longo alcance.","og_url":"https:\/\/globalalliance.me\/pt-br\/a-farmacia-da-floresta-a-resiliencia-dos-povos-da-amazonia-face-a-pandemia\/","og_site_name":"Global Alliance of Territorial Communities","article_published_time":"2023-09-21T02:47:31+00:00","article_modified_time":"2025-04-06T01:49:30+00:00","og_image":[{"width":2400,"height":1600,"url":"https:\/\/globalalliance.me\/wp-content\/uploads\/2023\/09\/Nancy-Guiquita-Obepare-Waoranis-Ecuador.jpg","type":"image\/jpeg"}],"author":"GATC","twitter_card":"summary_large_image","twitter_misc":{"Escrito por":"GATC","Est. tempo de leitura":"4 minutos"},"schema":{"@context":"https:\/\/schema.org","@graph":[{"@type":"Article","@id":"https:\/\/globalalliance.me\/pt-br\/a-farmacia-da-floresta-a-resiliencia-dos-povos-da-amazonia-face-a-pandemia\/#article","isPartOf":{"@id":"https:\/\/globalalliance.me\/pt-br\/a-farmacia-da-floresta-a-resiliencia-dos-povos-da-amazonia-face-a-pandemia\/"},"author":{"name":"GATC","@id":"https:\/\/globalalliance.me\/pt-br\/#\/schema\/person\/fce30f8bdf780bd712e18e1d4239aebc"},"headline":"A farm\u00e1cia da floresta: a resili\u00eancia dos povos da Amaz\u00f4nia face \u00e0 pandemia","datePublished":"2023-09-21T02:47:31+00:00","dateModified":"2025-04-06T01:49:30+00:00","mainEntityOfPage":{"@id":"https:\/\/globalalliance.me\/pt-br\/a-farmacia-da-floresta-a-resiliencia-dos-povos-da-amazonia-face-a-pandemia\/"},"wordCount":757,"image":{"@id":"https:\/\/globalalliance.me\/pt-br\/a-farmacia-da-floresta-a-resiliencia-dos-povos-da-amazonia-face-a-pandemia\/#primaryimage"},"thumbnailUrl":"https:\/\/globalalliance.me\/wp-content\/uploads\/2023\/09\/Nancy-Guiquita-Obepare-Waoranis-Ecuador.jpg","articleSection":["Not\u00edcias"],"inLanguage":"pt-BR"},{"@type":"WebPage","@id":"https:\/\/globalalliance.me\/pt-br\/a-farmacia-da-floresta-a-resiliencia-dos-povos-da-amazonia-face-a-pandemia\/","url":"https:\/\/globalalliance.me\/pt-br\/a-farmacia-da-floresta-a-resiliencia-dos-povos-da-amazonia-face-a-pandemia\/","name":"A farm\u00e1cia da floresta: a resili\u00eancia dos povos da Amaz\u00f4nia face \u00e0 pandemia - Global Alliance of Territorial Communities","isPartOf":{"@id":"https:\/\/globalalliance.me\/pt-br\/#website"},"primaryImageOfPage":{"@id":"https:\/\/globalalliance.me\/pt-br\/a-farmacia-da-floresta-a-resiliencia-dos-povos-da-amazonia-face-a-pandemia\/#primaryimage"},"image":{"@id":"https:\/\/globalalliance.me\/pt-br\/a-farmacia-da-floresta-a-resiliencia-dos-povos-da-amazonia-face-a-pandemia\/#primaryimage"},"thumbnailUrl":"https:\/\/globalalliance.me\/wp-content\/uploads\/2023\/09\/Nancy-Guiquita-Obepare-Waoranis-Ecuador.jpg","datePublished":"2023-09-21T02:47:31+00:00","dateModified":"2025-04-06T01:49:30+00:00","author":{"@id":"https:\/\/globalalliance.me\/pt-br\/#\/schema\/person\/fce30f8bdf780bd712e18e1d4239aebc"},"breadcrumb":{"@id":"https:\/\/globalalliance.me\/pt-br\/a-farmacia-da-floresta-a-resiliencia-dos-povos-da-amazonia-face-a-pandemia\/#breadcrumb"},"inLanguage":"pt-BR","potentialAction":[{"@type":"ReadAction","target":["https:\/\/globalalliance.me\/pt-br\/a-farmacia-da-floresta-a-resiliencia-dos-povos-da-amazonia-face-a-pandemia\/"]}]},{"@type":"ImageObject","inLanguage":"pt-BR","@id":"https:\/\/globalalliance.me\/pt-br\/a-farmacia-da-floresta-a-resiliencia-dos-povos-da-amazonia-face-a-pandemia\/#primaryimage","url":"https:\/\/globalalliance.me\/wp-content\/uploads\/2023\/09\/Nancy-Guiquita-Obepare-Waoranis-Ecuador.jpg","contentUrl":"https:\/\/globalalliance.me\/wp-content\/uploads\/2023\/09\/Nancy-Guiquita-Obepare-Waoranis-Ecuador.jpg","width":2400,"height":1600,"caption":"retrato de duas mulheres ind\u00edgenas Waorani do Equador com pintura facial tradicional vermelha ao redor dos olhos"},{"@type":"BreadcrumbList","@id":"https:\/\/globalalliance.me\/pt-br\/a-farmacia-da-floresta-a-resiliencia-dos-povos-da-amazonia-face-a-pandemia\/#breadcrumb","itemListElement":[{"@type":"ListItem","position":1,"name":"Home","item":"https:\/\/globalalliance.me\/pt-br\/inicio\/"},{"@type":"ListItem","position":2,"name":"A farm\u00e1cia da floresta: a resili\u00eancia dos povos da Amaz\u00f4nia face \u00e0 pandemia"}]},{"@type":"WebSite","@id":"https:\/\/globalalliance.me\/pt-br\/#website","url":"https:\/\/globalalliance.me\/pt-br\/","name":"Global Alliance of Territorial Communities","description":"We Are the Best Guardians of the Forest","potentialAction":[{"@type":"SearchAction","target":{"@type":"EntryPoint","urlTemplate":"https:\/\/globalalliance.me\/pt-br\/?s={search_term_string}"},"query-input":{"@type":"PropertyValueSpecification","valueRequired":true,"valueName":"search_term_string"}}],"inLanguage":"pt-BR"},{"@type":"Person","@id":"https:\/\/globalalliance.me\/pt-br\/#\/schema\/person\/fce30f8bdf780bd712e18e1d4239aebc","name":"GATC","image":{"@type":"ImageObject","inLanguage":"pt-BR","@id":"https:\/\/secure.gravatar.com\/avatar\/e66da5702538a463148fac7299f33add18be6ea677862f8692689faad1602816?s=96&d=mm&r=g","url":"https:\/\/secure.gravatar.com\/avatar\/e66da5702538a463148fac7299f33add18be6ea677862f8692689faad1602816?s=96&d=mm&r=g","contentUrl":"https:\/\/secure.gravatar.com\/avatar\/e66da5702538a463148fac7299f33add18be6ea677862f8692689faad1602816?s=96&d=mm&r=g","caption":"GATC"},"url":"https:\/\/globalalliance.me\/pt-br\/author\/skygoodwebworks-com\/"}]}},"_links":{"self":[{"href":"https:\/\/globalalliance.me\/pt-br\/wp-json\/wp\/v2\/posts\/5624","targetHints":{"allow":["GET"]}}],"collection":[{"href":"https:\/\/globalalliance.me\/pt-br\/wp-json\/wp\/v2\/posts"}],"about":[{"href":"https:\/\/globalalliance.me\/pt-br\/wp-json\/wp\/v2\/types\/post"}],"author":[{"embeddable":true,"href":"https:\/\/globalalliance.me\/pt-br\/wp-json\/wp\/v2\/users\/2"}],"replies":[{"embeddable":true,"href":"https:\/\/globalalliance.me\/pt-br\/wp-json\/wp\/v2\/comments?post=5624"}],"version-history":[{"count":0,"href":"https:\/\/globalalliance.me\/pt-br\/wp-json\/wp\/v2\/posts\/5624\/revisions"}],"wp:featuredmedia":[{"embeddable":true,"href":"https:\/\/globalalliance.me\/pt-br\/wp-json\/wp\/v2\/media\/5540"}],"wp:attachment":[{"href":"https:\/\/globalalliance.me\/pt-br\/wp-json\/wp\/v2\/media?parent=5624"}],"wp:term":[{"taxonomy":"category","embeddable":true,"href":"https:\/\/globalalliance.me\/pt-br\/wp-json\/wp\/v2\/categories?post=5624"},{"taxonomy":"post_tag","embeddable":true,"href":"https:\/\/globalalliance.me\/pt-br\/wp-json\/wp\/v2\/tags?post=5624"}],"curies":[{"name":"wp","href":"https:\/\/api.w.org\/{rel}","templated":true}]}}